{"id":54921,"date":"2016-08-03T14:31:16","date_gmt":"2016-08-03T13:31:16","guid":{"rendered":"http:\/\/2horizontes.com\/?p=54921"},"modified":"2016-08-03T14:31:16","modified_gmt":"2016-08-03T13:31:16","slug":"incidente-de-un-avion-de-emirates-al-aterrizar-de-emergencia-los-pasajeros-fueron-evacuados","status":"publish","type":"post","link":"https:\/\/2horizontes.com\/?p=54921","title":{"rendered":"Incidente de un avi\u00f3n de Emirates al aterrizar de emergencia; los pasajeros fueron evacuados"},"content":{"rendered":"<p><strong>Dubai<\/strong><\/p>\n<p><strong>(CNN) &#8211;<\/strong> Un avi\u00f3n\u00a0de Emirates aterriz\u00f3\u00a0de emergencia en el Aeropuerto Internacional de Dubai este mi\u00e9rcoles.<\/p>\n<p>Im\u00e1genes del incidente mostraron llamas en la aeronave.<\/p>\n<p>Los pasajeros fueron evacuados y\u00a0no hubo v\u00edctimas.<\/p>\n<p>\u00abPodemos confirmar que no hubo v\u00edctimas entre nuestros pasajeros y tripulaci\u00f3n. Todos est\u00e1n a salvo\u00bb, inform\u00f3 la aerol\u00ednea a trav\u00e9s de Twitter.<\/p>\n<div class=\"embed-twitter\">\n<div class=\"SandboxRoot env-bp-350\">\n<div id=\"twitter-widget-0\" class=\"EmbeddedTweet js-clickToOpenTarget\" lang=\"es\">\n<div class=\"EmbeddedTweet-tweet\">\n<blockquote class=\"Tweet h-entry js-tweetIdInfo subject expanded \n<p>                    is-deciderHtmlWhitespace\" cite=\"https:\/\/twitter.com\/emirates\/status\/760784814194749440\"><\/p>\n<div class=\"Tweet-header u-cf\">\n<div class=\"Tweet-brand u-floatRight\">\n<div class=\"Icon Icon--twitter \" title=\"\"><\/div>\n<p><span class=\"u-hiddenInNarrowEnv\"><a class=\"FollowButton follow-button profile\" title=\"Seguir a Emirates airline en Twitter\" href=\"https:\/\/twitter.com\/emirates\">Seguir<\/a><\/span><\/div>\n<div class=\"TweetAuthor\"><a class=\"TweetAuthor-link Identity u-linkBlend\" href=\"https:\/\/twitter.com\/emirates\"><span class=\"TweetAuthor-avatar Identity-avatar\"><img decoding=\"async\" class=\"Avatar\" src=\"https:\/\/pbs.twimg.com\/profile_images\/760764198204899328\/zsnNUqla_normal.jpg\" alt=\"\" \/><\/span><span class=\"TweetAuthor-name Identity-name customisable-highlight\" title=\"Emirates airline\">Emirates airline<\/span> <\/a><\/p>\n<div class=\"Icon Icon--verified \" title=\"Cuenta verificada\"><\/div>\n<p><a class=\"TweetAuthor-link Identity u-linkBlend\" href=\"https:\/\/twitter.com\/emirates\"><span class=\"TweetAuthor-verifiedBadge\"><b class=\"u-hiddenVisually\">\u2714<\/b><\/span><span class=\"TweetAuthor-screenName Identity-screenName\" dir=\"ltr\" title=\"@emirates\">@emirates<\/span><\/a><\/div>\n<\/div>\n<div class=\"Tweet-body e-entry-content\">\n<p class=\"Tweet-text e-entry-title\" dir=\"ltr\" lang=\"en\">We can confirm that there are no fatalities among our passengers and crew. All passengers and crew are accounted for and safe. <a class=\"PrettyLink hashtag customisable\" href=\"https:\/\/twitter.com\/hashtag\/EK521?src=hash\" rel=\"tag\"><span class=\"PrettyLink-prefix\">#<\/span><span class=\"PrettyLink-value\">EK521<\/span><\/a><\/p>\n<div class=\"Tweet-metadata dateline\"><a class=\"u-linkBlend u-url customisable-highlight long-permalink\" href=\"https:\/\/twitter.com\/emirates\/status\/760784814194749440\">12:30 &#8211; 3 ago 2016<\/a><\/div>\n<ul class=\"Tweet-actions\">\n<li class=\"Tweet-action\">\n<div class=\"Icon Icon--reply TweetAction-icon\" title=\"Responder\"><\/div>\n<\/li>\n<li class=\"Tweet-action\">\n<div class=\"Icon Icon--retweet TweetAction-icon\" title=\"Retwittear\"><\/div>\n<p><a class=\"TweetAction TweetAction--retweet web-intent\" href=\"https:\/\/twitter.com\/intent\/retweet?tweet_id=760784814194749440\"><span class=\"TweetAction-stat\">3.082<\/span><span class=\"u-hiddenVisually\">3.082 Retweets<\/span><\/a><\/li>\n<li class=\"Tweet-action\">\n<div class=\"Icon Icon--heart TweetAction-icon\" title=\"Me gusta\"><\/div>\n<p><a class=\"TweetAction TweetAction--heart web-intent\" href=\"https:\/\/twitter.com\/intent\/like?tweet_id=760784814194749440\"><span class=\"TweetAction-stat\">2.253<\/span><span class=\"u-hiddenVisually\">2.253 me gusta<\/span><\/a><\/li>\n<\/ul>\n<\/div>\n<\/blockquote>\n<\/div>\n<\/div>\n<div class=\"resize-sensor\"><\/div>\n<\/div>\n<\/div>\n<p>Emirates dijo previamente en la red social que el incidente se hab\u00eda producido a\u00a0las 12:45 hora local. Hab\u00eda 282 pasajeros y 18 miembros de la tripulaci\u00f3n a bordo.<\/p>\n<div class=\"embed-twitter\">\n<div class=\"SandboxRoot env-bp-350\">\n<div id=\"twitter-widget-1\" class=\"EmbeddedTweet EmbeddedTweet--mediaForward media-forward js-clickToOpenTarget js-tweetIdInfo\" lang=\"es\">\n<article class=\"MediaCard\n           MediaCard--mediaForward\n\n           cards-multimedia\n           customisable-border\" dir=\"ltr\"><\/p>\n<div class=\"MediaCard-media\">\n<div class=\"MediaCard-widthConstraint js-cspForcedStyle\">\n<div class=\"MediaCard-mediaContainer js-cspForcedStyle\">\n<div class=\"NaturalImage-ctaOverlay PlayButton PlayButton--centered\"><\/div>\n<p><a class=\"MediaCard-mediaAsset MediaCard-mediaPlaceholder\n                    NaturalImage NaturalImage--fill\n\n                    js-playableMediaInterstitial\" href=\"https:\/\/twitter.com\/dannydehaas\/status\/760774115120873472\"><img decoding=\"async\" class=\"NaturalImage-image\" src=\"https:\/\/pbs.twimg.com\/ext_tw_video_thumb\/760773984728252417\/pu\/img\/Ce10Z214Q6K4othq.jpg\" alt=\"\" \/><\/a><\/div>\n<\/div>\n<\/div>\n<\/article>\n<div class=\"EmbeddedTweet-tweet\">\n<blockquote class=\"Tweet h-entry js-tweetIdInfo subject expanded \n<p>                    is-deciderHtmlWhitespace\" cite=\"https:\/\/twitter.com\/dannydehaas\/status\/760774115120873472\"><\/p>\n<div class=\"Tweet-header u-cf\">\n<div class=\"Tweet-brand u-floatRight\">\n<div class=\"Icon Icon--twitter \" title=\"\"><\/div>\n<p><span class=\"u-hiddenInNarrowEnv\"><a class=\"FollowButton follow-button profile\" title=\"Seguir a Danny De Haas en Twitter\" href=\"https:\/\/twitter.com\/dannydehaas\">Seguir<\/a><\/span><\/div>\n<div class=\"TweetAuthor\"><a class=\"TweetAuthor-link Identity u-linkBlend\" href=\"https:\/\/twitter.com\/dannydehaas\"><span class=\"TweetAuthor-avatar Identity-avatar\"><img decoding=\"async\" class=\"Avatar\" src=\"https:\/\/pbs.twimg.com\/profile_images\/583331570964176896\/VustdBwU_normal.jpg\" alt=\"\" \/><\/span><span class=\"TweetAuthor-name Identity-name customisable-highlight\" title=\"Danny De Haas\">Danny De Haas<\/span> <span class=\"TweetAuthor-screenName Identity-screenName\" dir=\"ltr\" title=\"@dannydehaas\">@dannydehaas<\/span><\/a><\/div>\n<\/div>\n<div class=\"Tweet-body e-entry-content\">\n<p class=\"Tweet-text e-entry-title\" dir=\"ltr\" lang=\"en\">Live footage from <a class=\"PrettyLink hashtag customisable\" href=\"https:\/\/twitter.com\/hashtag\/dubai?src=hash\" rel=\"tag\"><span class=\"PrettyLink-prefix\">#<\/span><span class=\"PrettyLink-value\">dubai<\/span><\/a> <a class=\"PrettyLink hashtag customisable\" href=\"https:\/\/twitter.com\/hashtag\/emirates?src=hash\" rel=\"tag\"><span class=\"PrettyLink-prefix\">#<\/span><span class=\"PrettyLink-value\">emirates<\/span><\/a> <a class=\"PrettyLink hashtag customisable\" href=\"https:\/\/twitter.com\/hashtag\/ek521?src=hash\" rel=\"tag\"><span class=\"PrettyLink-prefix\">#<\/span><span class=\"PrettyLink-value\">ek521<\/span><\/a> <a class=\"PrettyLink hashtag customisable\" href=\"https:\/\/twitter.com\/hashtag\/breaking?src=hash\" rel=\"tag\"><span class=\"PrettyLink-prefix\">#<\/span><span class=\"PrettyLink-value\">breaking<\/span><\/a> <a class=\"PrettyLink hashtag customisable\" href=\"https:\/\/twitter.com\/hashtag\/airport?src=hash\" rel=\"tag\"><span class=\"PrettyLink-prefix\">#<\/span><span class=\"PrettyLink-value\">airport<\/span><\/a><a class=\"PrettyLink profile customisable h-card\" href=\"https:\/\/twitter.com\/SkyNews\"><span class=\"PrettyLink-prefix\">@<\/span><span class=\"PrettyLink-value\">SkyNews<\/span><\/a> <a class=\"PrettyLink profile customisable h-card\" href=\"https:\/\/twitter.com\/cnni\"><span class=\"PrettyLink-prefix\">@<\/span><span class=\"PrettyLink-value\">cnni<\/span><\/a> <a class=\"PrettyLink profile customisable h-card\" href=\"https:\/\/twitter.com\/cnnbrk\"><span class=\"PrettyLink-prefix\">@<\/span><span class=\"PrettyLink-value\">cnnbrk<\/span><\/a> more news to follow<\/p>\n<div class=\"Tweet-metadata dateline\"><a class=\"u-linkBlend u-url customisable-highlight long-permalink\" href=\"https:\/\/twitter.com\/dannydehaas\/status\/760774115120873472\">11:47 &#8211; 3 ago 2016<\/a><\/div>\n<ul class=\"Tweet-actions\">\n<li class=\"Tweet-action\">\n<div class=\"Icon Icon--reply TweetAction-icon\" title=\"Responder\"><\/div>\n<\/li>\n<li class=\"Tweet-action\">\n<div class=\"Icon Icon--retweet TweetAction-icon\" title=\"Retwittear\"><\/div>\n<p><a class=\"TweetAction TweetAction--retweet web-intent\" href=\"https:\/\/twitter.com\/intent\/retweet?tweet_id=760774115120873472\"><span class=\"TweetAction-stat\">14<\/span><span class=\"u-hiddenVisually\">14 Retweets<\/span><\/a><\/li>\n<li class=\"Tweet-action\">\n<div class=\"Icon Icon--heart TweetAction-icon\" title=\"Me gusta\"><\/div>\n<p><a class=\"TweetAction TweetAction--heart web-intent\" href=\"https:\/\/twitter.com\/intent\/like?tweet_id=760774115120873472\"><span class=\"TweetAction-stat\">5<\/span><span class=\"u-hiddenVisually\">5 me gusta<\/span><\/a><\/li>\n<\/ul>\n<\/div>\n<\/blockquote>\n<\/div>\n<\/div>\n<div class=\"resize-sensor\"><\/div>\n<\/div>\n<\/div>\n<p>El vuelo EK521, operado por una aeronave Boeing 777, parti\u00f3 a las 10:19 de Trivandrum, en India.<\/p>\n<p>\u00abUn avi\u00f3n de l\u00ednea a\u00e9rea Emirates procedente de India tuvo\u00a0un incidente\u00a0en el aterrizaje en el Aeropuerto Internacional de Dubai (el mi\u00e9rcoles) y todos los pasajeros fueron evacuados\u00bb, dijo la Oficina de Medios de Comunicaci\u00f3n del Gobierno de Dubai en su cuenta oficial de Twitter.<\/p>\n<p>Richard Quest, de CNN, dijo que las im\u00e1genes\u00a0del incidente sugieren\u00a0que pudo haber un problema con\u00a0el tren de aterrizaje delantero.<\/p>\n<p>Los vuelos en el Aeropuerto de Dubai fueron suspendidos tras el incidente hasta nuevo aviso.<\/p>\n","protected":false},"excerpt":{"rendered":"<p>Dubai (CNN) &#8211; Un avi\u00f3n\u00a0de Emirates aterriz\u00f3\u00a0de emergencia en el Aeropuerto Internacional de Dubai este mi\u00e9rcoles. Im\u00e1genes del incidente mostraron llamas en la aeronave. Los pasajeros fueron evacuados y\u00a0no hubo v\u00edctimas. \u00abPodemos confirmar que no hubo v\u00edctimas entre nuestros pasajeros y tripulaci\u00f3n. Todos est\u00e1n a salvo\u00bb, inform\u00f3 la aerol\u00ednea a trav\u00e9s de Twitter. Seguir Emirates [&hellip;]<\/p>\n","protected":false},"author":7,"featured_media":54922,"comment_status":"open","ping_status":"open","sticky":false,"template":"","format":"standard","meta":{"footnotes":""},"categories":[40],"tags":[],"class_list":["post-54921","post","type-post","status-publish","format-standard","has-post-thumbnail","hentry","category-internacionales"],"_links":{"self":[{"href":"https:\/\/2horizontes.com\/index.php?rest_route=\/wp\/v2\/posts\/54921","targetHints":{"allow":["GET"]}}],"collection":[{"href":"https:\/\/2horizontes.com\/index.php?rest_route=\/wp\/v2\/posts"}],"about":[{"href":"https:\/\/2horizontes.com\/index.php?rest_route=\/wp\/v2\/types\/post"}],"author":[{"embeddable":true,"href":"https:\/\/2horizontes.com\/index.php?rest_route=\/wp\/v2\/users\/7"}],"replies":[{"embeddable":true,"href":"https:\/\/2horizontes.com\/index.php?rest_route=%2Fwp%2Fv2%2Fcomments&post=54921"}],"version-history":[{"count":1,"href":"https:\/\/2horizontes.com\/index.php?rest_route=\/wp\/v2\/posts\/54921\/revisions"}],"predecessor-version":[{"id":54923,"href":"https:\/\/2horizontes.com\/index.php?rest_route=\/wp\/v2\/posts\/54921\/revisions\/54923"}],"wp:featuredmedia":[{"embeddable":true,"href":"https:\/\/2horizontes.com\/index.php?rest_route=\/wp\/v2\/media\/54922"}],"wp:attachment":[{"href":"https:\/\/2horizontes.com\/index.php?rest_route=%2Fwp%2Fv2%2Fmedia&parent=54921"}],"wp:term":[{"taxonomy":"category","embeddable":true,"href":"https:\/\/2horizontes.com\/index.php?rest_route=%2Fwp%2Fv2%2Fcategories&post=54921"},{"taxonomy":"post_tag","embeddable":true,"href":"https:\/\/2horizontes.com\/index.php?rest_route=%2Fwp%2Fv2%2Ftags&post=54921"}],"curies":[{"name":"wp","href":"https:\/\/api.w.org\/{rel}","templated":true}]}}