{"id":54814,"date":"2016-08-02T10:55:52","date_gmt":"2016-08-02T09:55:52","guid":{"rendered":"http:\/\/2horizontes.com\/?p=54814"},"modified":"2016-08-02T10:55:52","modified_gmt":"2016-08-02T09:55:52","slug":"tras-ola-de-criticas-cardenal-peruano-rectifica-declaraciones-sobre-violacion-sexual-a-mujeres","status":"publish","type":"post","link":"https:\/\/2horizontes.com\/?p=54814","title":{"rendered":"Tras ola de cr\u00edticas, Cardenal peruano rectifica declaraciones sobre violaci\u00f3n sexual a mujeres"},"content":{"rendered":"<div id=\"ArticleAuthorDiv\" class=\"article-body-author\"><b>EFE | M\u00f3nica Mart\u00ednez<\/b><\/div>\n<div id=\"ArticleSourceDiv\" class=\"article-body-author\"><b>Lima<\/b><\/div>\n<div id=\"ArticleBody\">\n<p>El cardenal peruano, Juan Luis Cipriani, rectific\u00f3 las declaraciones que le provocaron una ola de cr\u00edticas en Per\u00fa, de que \u00abla mujer se pone como un escaparate, provocando\u00bb en los casos de violaci\u00f3n sexual, al aclarar que fue una frase \u00abtotalmente desafortunada y equivocada\u00bb.<\/p>\n<p>El arzobispo de Lima fue blanco de duras cr\u00edticas de autoridades peruanas y organismos defensores de los derechos de las mujeres despu\u00e9s de haber emitido las controvertidas declaraciones en su programa radial el pasado s\u00e1bado.<\/p>\n<p>En declaraciones a RPP Noticias, Cipriani rechaz\u00f3 \u00abcualquier violencia y cualquier trato de menosprecio o maltrato a la mujer por su condici\u00f3n de mujer. Este es el punto de partida que quiero dejar muy claro y contundente\u00bb.<\/p>\n<p>El arzobispo de Lima agreg\u00f3 que estuvo \u00abfastidiado leyendo y escuchando interpretaciones que utilizando una frase totalmente desafortunada y equivocada pretenden criticar, de una manera francamente baja, la responsabilidad que tengo como pastor\u00bb.<\/p>\n<p>En su programa sabatino, Cipriani critic\u00f3 a \u00abesos medios de comunicaci\u00f3n que constantemente difunden violencia contra la mujer y tambi\u00e9n que difunden ese abuso del cuerpo, como atracci\u00f3n f\u00edsica carnal en horarios y de maneras muy sutiles\u00bb.<\/p>\n<p>Asegur\u00f3 que, con eso, \u00abvan creando toda una situaci\u00f3n que luego las estad\u00edsticas nos dicen que hay abortos de ni\u00f1as, pero no es porque hallan abusado de las ni\u00f1as, son muchas veces porque la mujer se pone como en un escaparate, provocando.\u00bb<\/p>\n<p>La directora ejecutiva del Centro de la Mujer Peruana (Flora Trist\u00e1n), Liz Mel\u00e9ndez, declar\u00f3 a Efe que las declaraciones de Cipriani \u00abnos indignan, pero no nos sorprenden lamentablemente porque \u00e9l continuamente tiene declaraciones en contra de los derechos de las mujeres y de la poblaci\u00f3n LGTBI (lesbiana, gay, transg\u00e9nero, bisexual e intersexual)\u00bb.<\/p>\n<p>\u00abAl ser un representante dentro de la jerarqu\u00eda de la Iglesia cat\u00f3lica es grav\u00edsimo porque tiene muchos seguidores y no solo sienta un mal precedente, sino que se perpet\u00faa discursos discriminatorios y machistas que fortalecen el imaginario violento\u00bb, explic\u00f3 Mel\u00e9ndez<\/p>\n<p>El presidente peruano, Pedro Pablo Kuczynski, dijo a la prensa que estaba seguro de que Cipriani no quiso decir lo que se interpret\u00f3 y agreg\u00f3 que \u00abla violencia es algo reprimible y debe ser evitado a toda costa\u00bb.<\/p>\n<p>\u00abLos feminicidios, violaciones de menores, asesinatos de mujeres y otro tipo de discriminaci\u00f3n son fen\u00f3menos que no deben estar en una sociedad que quiere ser moderna\u00bb, expres\u00f3 el jefe de Estado en Palacio de Gobierno.<\/p>\n<p>La ministra de la Mujer y de Poblaciones Vulnerables, Ana Mar\u00eda Romero, rechaz\u00f3 las palabras de Cipriani y agreg\u00f3 que \u00abel \u00fanico escaparate que conocen estas ni\u00f1as (v\u00edctimas de abuso sexual), cuatro diariamente (en Per\u00fa), es el de la humillaci\u00f3n, de la verg\u00fcenza, de la violaci\u00f3n\u00bb.<\/p>\n<p>Romero a\u00f1adi\u00f3 que \u00aben el Per\u00fa, cada d\u00eda cuatro ni\u00f1as, entre los 11 y 14 a\u00f1os, y 11 adolescentes se convierten en madres\u00bb.<\/p>\n<p>Seg\u00fan cifras de la Organizaci\u00f3n de Estados Americanos (OEA), Per\u00fa es el tercer pa\u00eds en Latinoam\u00e9rica con mayor prevalencia de la violencia sexual contra mujeres y ni\u00f1as, indic\u00f3 la directora de Flora Trist\u00e1n.<\/p>\n<p>En 2015, se recibieron 5.700 denuncias por violaci\u00f3n sexual contra mujeres y el 85 % fueron contra ni\u00f1as y adolescentes, teniendo en cuenta que solo se denuncia la tercera parte de los abusos sexuales en el pa\u00eds, agreg\u00f3 Mel\u00e9ndez.<\/p>\n<p>La segunda vicepresidenta de la Rep\u00fablica y legisladora del oficialista Peruanos por el Kambio, Mercedes Ar\u00e1oz, afirm\u00f3 que el cardenal se equivoc\u00f3 con sus palabras porque, por ejemplo, \u00abuna mujer puede dedicarse a la prostituci\u00f3n, y no quiere ser violada, no puede ser violada. Nadie tiene derecho a afectar nuestra dignidad y no la provocamos las mujeres\u00bb.<\/p>\n<p>Ar\u00e1oz a\u00f1adi\u00f3 que \u00ablas mujeres no estamos en una situaci\u00f3n de subordinaci\u00f3n. Nosotros somos iguales, hombres y mujeres, y merecemos respeto\u00bb.<\/p>\n<p>En el mismo sentido, la directora de Flora Trist\u00e1n expres\u00f3 que Cipriani \u00abes un opositor completo a todo lo que tiene que ver con los derechos de las mujeres, de sus derechos sexuales y reproductivos\u00bb.<\/p>\n<p>Seg\u00fan ella, lo que Cipriani desear\u00eda es anular a las mujeres como sujetas de derecho \u00abal cosificarla en los roles tradicionales de g\u00e9nero que limita los derechos de las mujeres y difunde un mensaje discriminador que no contribuye a mirar con igualdad\u00bb.<\/p>\n<p>Las cr\u00edticas en redes sociales y medios de comunicaci\u00f3n contra Cipriani empezaron horas despu\u00e9s de la transmisi\u00f3n de mando en Per\u00fa, cuando el arzobispo, durante la misa y tedeum con el que se despidi\u00f3 Ollanta Humala de la presidencia de Per\u00fa el jueves pasado, critic\u00f3 la \u00abideolog\u00eda de g\u00e9nero\u00bb que, seg\u00fan asegur\u00f3, \u00abrompe la estructura de la sociedad que est\u00e1 formada por hombres y mujeres\u00bb.<\/p>\n<\/div>\n","protected":false},"excerpt":{"rendered":"<p>EFE | M\u00f3nica Mart\u00ednez Lima El cardenal peruano, Juan Luis Cipriani, rectific\u00f3 las declaraciones que le provocaron una ola de cr\u00edticas en Per\u00fa, de que \u00abla mujer se pone como un escaparate, provocando\u00bb en los casos de violaci\u00f3n sexual, al aclarar que fue una frase \u00abtotalmente desafortunada y equivocada\u00bb. El arzobispo de Lima fue blanco [&hellip;]<\/p>\n","protected":false},"author":7,"featured_media":54815,"comment_status":"open","ping_status":"open","sticky":false,"template":"","format":"standard","meta":{"footnotes":""},"categories":[40],"tags":[],"class_list":["post-54814","post","type-post","status-publish","format-standard","has-post-thumbnail","hentry","category-internacionales"],"_links":{"self":[{"href":"https:\/\/2horizontes.com\/index.php?rest_route=\/wp\/v2\/posts\/54814","targetHints":{"allow":["GET"]}}],"collection":[{"href":"https:\/\/2horizontes.com\/index.php?rest_route=\/wp\/v2\/posts"}],"about":[{"href":"https:\/\/2horizontes.com\/index.php?rest_route=\/wp\/v2\/types\/post"}],"author":[{"embeddable":true,"href":"https:\/\/2horizontes.com\/index.php?rest_route=\/wp\/v2\/users\/7"}],"replies":[{"embeddable":true,"href":"https:\/\/2horizontes.com\/index.php?rest_route=%2Fwp%2Fv2%2Fcomments&post=54814"}],"version-history":[{"count":1,"href":"https:\/\/2horizontes.com\/index.php?rest_route=\/wp\/v2\/posts\/54814\/revisions"}],"predecessor-version":[{"id":54816,"href":"https:\/\/2horizontes.com\/index.php?rest_route=\/wp\/v2\/posts\/54814\/revisions\/54816"}],"wp:featuredmedia":[{"embeddable":true,"href":"https:\/\/2horizontes.com\/index.php?rest_route=\/wp\/v2\/media\/54815"}],"wp:attachment":[{"href":"https:\/\/2horizontes.com\/index.php?rest_route=%2Fwp%2Fv2%2Fmedia&parent=54814"}],"wp:term":[{"taxonomy":"category","embeddable":true,"href":"https:\/\/2horizontes.com\/index.php?rest_route=%2Fwp%2Fv2%2Fcategories&post=54814"},{"taxonomy":"post_tag","embeddable":true,"href":"https:\/\/2horizontes.com\/index.php?rest_route=%2Fwp%2Fv2%2Ftags&post=54814"}],"curies":[{"name":"wp","href":"https:\/\/api.w.org\/{rel}","templated":true}]}}