{"id":54811,"date":"2016-08-02T10:52:06","date_gmt":"2016-08-02T09:52:06","guid":{"rendered":"http:\/\/2horizontes.com\/?p=54811"},"modified":"2016-08-02T10:52:06","modified_gmt":"2016-08-02T09:52:06","slug":"brasil-justicia-concede-libertad-provisional-a-joao-santana","status":"publish","type":"post","link":"https:\/\/2horizontes.com\/?p=54811","title":{"rendered":"Brasil: Justicia concede libertad provisional a Joao Santana"},"content":{"rendered":"<div id=\"ArticleAuthorDiv\" class=\"article-body-author\"><b>EFE<\/b><\/div>\n<div id=\"ArticleSourceDiv\" class=\"article-body-author\"><b>Brasilia<\/b><\/div>\n<div id=\"ArticleBody\">\n<p>La justicia brasile\u00f1a inform\u00f3 de que concedi\u00f3 el beneficio de la libertad provisional al publicista Joao Santana, acusado de participar en la red de corrupci\u00f3n que oper\u00f3 en Petrobras y quien trabaj\u00f3 para la mandataria suspendida, Dilma Rousseff, y su antecesor Luiz In\u00e1cio Lula da Silva.<\/p>\n<p>La libertad provisional ha sido extendida a la esposa de Santana, M\u00f3nica Moura, quien como su marido est\u00e1 detenida desde marzo pasado y, al igual que el publicista, ha acordado cooperar con la justicia a cambio de una futura reducci\u00f3n de pena.<\/p>\n<p>El tribunal a cargo del caso inform\u00f3 de que ambos quedar\u00e1n en libertad, pero no podr\u00e1n abandonar el pa\u00eds ni mantener contacto con ninguna de las personas involucradas en el asunto, que salpica a medio centenar de pol\u00edticos y decenas de empresarios.<\/p>\n<p>Santana dirigi\u00f3 las campa\u00f1as electorales de Lula en 2006 y las dos realizadas por Rousseff, en 2010 y 2014, y est\u00e1 acusado de haber recibido parte del dinero correspondiente a su trabajo en cuentas que manten\u00eda ocultas en bancos del exterior.<\/p>\n<p>Tambi\u00e9n trabaj\u00f3 en exitosas campa\u00f1as electorales en otros pa\u00edses, entre las cuales est\u00e1n las del fallecido presidente venezolano Hugo Ch\u00e1vez, la de su sucesor, Nicol\u00e1s Maduro, y las que llevaron al poder al salvadore\u00f1o Mauricio Funes y al dominicano Danilo Medina.<\/p>\n<p>En el marco de su acuerdo de cooperaci\u00f3n judicial, Santana ha confesado que minti\u00f3 a los tribunales respecto al dinero \u00abnegro\u00bb recibido de la campa\u00f1a de Rousseff en 2014, a fin de \u00abprotegerla\u00bb frente al proceso de destituci\u00f3n que la mandataria enfrenta desde mayo pasado.<\/p>\n<p>\u00abSab\u00eda que pod\u00eda perjudicarla profundamente\u00bb y, \u00abdespu\u00e9s de haber ayudado a su reelecci\u00f3n, no ser\u00eda yo quien ir\u00eda a destruirla\u00bb, dijo Santana en declaraciones divulgadas por los tribunales.<\/p>\n<p>En su testimonio, confes\u00f3 que los responsables financieros de la campa\u00f1a de Rousseff depositaron al menos 4,5 millones de d\u00f3lares en cuentas que manten\u00eda ocultas en un banco suizo, lo que puede suponer desde delitos fiscales hasta lavado de dinero.<\/p>\n<p>El publicista aleg\u00f3 que, cuando neg\u00f3 la existencia de esas cuentas, el proceso que llev\u00f3 al Senado a suspender de sus funciones a Rousseff \u00abcomenzaba\u00bb y que era consciente \u00abdel problema\u00bb que su confesi\u00f3n pod\u00eda suponer para la mandataria \u00aby para el propio pa\u00eds\u00bb.<\/p>\n<p>Esa declaraci\u00f3n fue refrendada por M\u00f3nica Moura, quien dijo a las autoridades que \u00abel pa\u00eds pasaba por una situaci\u00f3n institucional muy grave\u00bb por el proceso que enfrentaba Rousseff.<\/p>\n<p>\u00abPara ser sincera, no quisimos incriminarla, porque pod\u00edamos empeorar la situaci\u00f3n del pa\u00eds\u00bb, dijo Moura a la Polic\u00eda, tambi\u00e9n en el marco de un acuerdo de cooperaci\u00f3n judicial.<\/p>\n<p>La confesi\u00f3n de Santana no influir\u00e1 en el proceso parlamentario que enfrenta Rousseff, suspendida de sus funciones desde el pasado mayo para responder a un juicio pol\u00edtico por supuestos delitos administrativos en la gesti\u00f3n de los presupuestos.<\/p>\n<p>Sin embargo, s\u00ed pudiera ser tomada en cuenta en otro proceso que tramita en la justicia electoral y se refiere precisamente a unas supuestas irregularidades en la financiaci\u00f3n de la campa\u00f1a de 2014, en la que Rousseff fue reelegida.<\/p>\n<p>El proceso de destituci\u00f3n de Rousseff ser\u00e1 retomado esta misma semana y, seg\u00fan prev\u00e9n el Senado y la Corte Suprema, corresponsables del tr\u00e1mite, deber\u00e1 concluir a fines de este mismo mes o inicios del pr\u00f3ximo.<\/p>\n<\/div>\n","protected":false},"excerpt":{"rendered":"<p>EFE Brasilia La justicia brasile\u00f1a inform\u00f3 de que concedi\u00f3 el beneficio de la libertad provisional al publicista Joao Santana, acusado de participar en la red de corrupci\u00f3n que oper\u00f3 en Petrobras y quien trabaj\u00f3 para la mandataria suspendida, Dilma Rousseff, y su antecesor Luiz In\u00e1cio Lula da Silva. La libertad provisional ha sido extendida a [&hellip;]<\/p>\n","protected":false},"author":7,"featured_media":54812,"comment_status":"open","ping_status":"open","sticky":false,"template":"","format":"standard","meta":{"footnotes":""},"categories":[40],"tags":[],"class_list":["post-54811","post","type-post","status-publish","format-standard","has-post-thumbnail","hentry","category-internacionales"],"_links":{"self":[{"href":"https:\/\/2horizontes.com\/index.php?rest_route=\/wp\/v2\/posts\/54811","targetHints":{"allow":["GET"]}}],"collection":[{"href":"https:\/\/2horizontes.com\/index.php?rest_route=\/wp\/v2\/posts"}],"about":[{"href":"https:\/\/2horizontes.com\/index.php?rest_route=\/wp\/v2\/types\/post"}],"author":[{"embeddable":true,"href":"https:\/\/2horizontes.com\/index.php?rest_route=\/wp\/v2\/users\/7"}],"replies":[{"embeddable":true,"href":"https:\/\/2horizontes.com\/index.php?rest_route=%2Fwp%2Fv2%2Fcomments&post=54811"}],"version-history":[{"count":1,"href":"https:\/\/2horizontes.com\/index.php?rest_route=\/wp\/v2\/posts\/54811\/revisions"}],"predecessor-version":[{"id":54813,"href":"https:\/\/2horizontes.com\/index.php?rest_route=\/wp\/v2\/posts\/54811\/revisions\/54813"}],"wp:featuredmedia":[{"embeddable":true,"href":"https:\/\/2horizontes.com\/index.php?rest_route=\/wp\/v2\/media\/54812"}],"wp:attachment":[{"href":"https:\/\/2horizontes.com\/index.php?rest_route=%2Fwp%2Fv2%2Fmedia&parent=54811"}],"wp:term":[{"taxonomy":"category","embeddable":true,"href":"https:\/\/2horizontes.com\/index.php?rest_route=%2Fwp%2Fv2%2Fcategories&post=54811"},{"taxonomy":"post_tag","embeddable":true,"href":"https:\/\/2horizontes.com\/index.php?rest_route=%2Fwp%2Fv2%2Ftags&post=54811"}],"curies":[{"name":"wp","href":"https:\/\/api.w.org\/{rel}","templated":true}]}}