{"id":54800,"date":"2016-08-02T00:09:55","date_gmt":"2016-08-01T23:09:55","guid":{"rendered":"http:\/\/2horizontes.com\/?p=54800"},"modified":"2016-08-02T00:09:55","modified_gmt":"2016-08-01T23:09:55","slug":"univesidad-de-utah-otorga-honoris-causa-a-ligia-amada-melo","status":"publish","type":"post","link":"https:\/\/2horizontes.com\/?p=54800","title":{"rendered":"Univesidad de Utah otorga Honoris Causa a Ligia Amada Melo"},"content":{"rendered":"<div class=\"detalle-texto\">\n<div class=\"text\">\n<p>SANTO DOMINGO. La Universidad Estatal de Utah, de los Estados Unidos, confiri\u00f3 su m\u00e1s alta distinci\u00f3n a la Ministra de Educaci\u00f3n Superior, Ciencia y Tecnolog\u00eda, Ligia Amada Melo de Cardona, otorg\u00e1ndole el t\u00edtulo Honoris Causa, Doctorado en Educaci\u00f3n.<\/p>\n<p>En el acto participaron autoridades acad\u00e9micas del pa\u00eds, docentes, j\u00f3venes egresados del programa de becas, amigos y familiares.<\/p>\n<p>El presidente de la Universidad Estatal de Utah, Stan L. Albrecht, quien visit\u00f3 el pa\u00eds con este prop\u00f3sito, valor\u00f3 los esfuerzos personales de la ministra, ya que desde los inicios de su gesti\u00f3n al frente del Mescyt, ha venido impulsando el Programa de Becas Internacionales para Estudiantes de Excelencia Acad\u00e9mica que lleva a cabo el Gobierno dominicano con esa universidad.<\/p>\n<p>Asimismo, resalt\u00f3 que, gracias a su empe\u00f1o y excelentes relaciones de trabajo, Melo ha logrado allanar el camino para que 890 j\u00f3venes dominicanos pudiesen lograr sus metas educativas. Un total de 368 estudiantes dominicanos han cursado estudios de grado y postgrado, y 522 j\u00f3venes egresados del Programa de Ingl\u00e9s de Inmersi\u00f3n para la Competitividad, han participado en los Cursos de Verano de Perfeccionamiento del Idioma Ingl\u00e9s que ellos ofrecen.<\/p>\n<p>La titular del Mescyt, por su parte, manifest\u00f3 que esta emblem\u00e1tica universidad estadounidense dispone de carreras en las diferentes \u00e1reas del conocimiento, cuya programaci\u00f3n actualizan constantemente, mantienen una vinculaci\u00f3n con los sectores productivos de su estado y con la comunidad en general, desarrollan investigaci\u00f3n de alto nivel, que contribuyen no s\u00f3lo a crear conocimiento, sino a resolver problemas de actualidad, e inculcan una cultura hacia la investigaci\u00f3n a sus estudiantes.<\/p>\n<p>Se\u00f1al\u00f3 que desde el a\u00f1o 2005 al 2015 se ha podido formar a 16,0 78 profesionales en diferentes pa\u00edses y \u201cque hoy estamos d\u00e1ndole esa oportunidad a 2, 244 nuevos becarios que saldr\u00e1n en los meses de agosto y septiembre.<\/p>\n<p>De igual manera, agreg\u00f3 que en el mismo periodo se han formado 37, 505 j\u00f3venes en universidades nacionales y en este a\u00f1o se han otorgado<\/p>\n<p>8, 662 becas m\u00e1s.<\/p>\n<p>La ministra dijo que ha tenido la oportunidad de haber podido dirigir los programas de Becas Nacionales e Internacionales desde al a\u00f1o 2004 provoc\u00e1ndole una de las mayores satisfacciones de su vida profesional, gracias a la distinci\u00f3n que le otorgara el expresidente Leonel Fern\u00e1ndez y el actual mandatario Danilo Medina.<\/p>\n<\/div>\n<\/div>\n","protected":false},"excerpt":{"rendered":"<p>SANTO DOMINGO. La Universidad Estatal de Utah, de los Estados Unidos, confiri\u00f3 su m\u00e1s alta distinci\u00f3n a la Ministra de Educaci\u00f3n Superior, Ciencia y Tecnolog\u00eda, Ligia Amada Melo de Cardona, otorg\u00e1ndole el t\u00edtulo Honoris Causa, Doctorado en Educaci\u00f3n. En el acto participaron autoridades acad\u00e9micas del pa\u00eds, docentes, j\u00f3venes egresados del programa de becas, amigos y [&hellip;]<\/p>\n","protected":false},"author":13240,"featured_media":54802,"comment_status":"open","ping_status":"open","sticky":false,"template":"","format":"standard","meta":{"footnotes":""},"categories":[55,40,44],"tags":[],"class_list":["post-54800","post","type-post","status-publish","format-standard","has-post-thumbnail","hentry","category-educacion","category-internacionales","category-republica-dominicana"],"_links":{"self":[{"href":"https:\/\/2horizontes.com\/index.php?rest_route=\/wp\/v2\/posts\/54800","targetHints":{"allow":["GET"]}}],"collection":[{"href":"https:\/\/2horizontes.com\/index.php?rest_route=\/wp\/v2\/posts"}],"about":[{"href":"https:\/\/2horizontes.com\/index.php?rest_route=\/wp\/v2\/types\/post"}],"author":[{"embeddable":true,"href":"https:\/\/2horizontes.com\/index.php?rest_route=\/wp\/v2\/users\/13240"}],"replies":[{"embeddable":true,"href":"https:\/\/2horizontes.com\/index.php?rest_route=%2Fwp%2Fv2%2Fcomments&post=54800"}],"version-history":[{"count":1,"href":"https:\/\/2horizontes.com\/index.php?rest_route=\/wp\/v2\/posts\/54800\/revisions"}],"predecessor-version":[{"id":54803,"href":"https:\/\/2horizontes.com\/index.php?rest_route=\/wp\/v2\/posts\/54800\/revisions\/54803"}],"wp:featuredmedia":[{"embeddable":true,"href":"https:\/\/2horizontes.com\/index.php?rest_route=\/wp\/v2\/media\/54802"}],"wp:attachment":[{"href":"https:\/\/2horizontes.com\/index.php?rest_route=%2Fwp%2Fv2%2Fmedia&parent=54800"}],"wp:term":[{"taxonomy":"category","embeddable":true,"href":"https:\/\/2horizontes.com\/index.php?rest_route=%2Fwp%2Fv2%2Fcategories&post=54800"},{"taxonomy":"post_tag","embeddable":true,"href":"https:\/\/2horizontes.com\/index.php?rest_route=%2Fwp%2Fv2%2Ftags&post=54800"}],"curies":[{"name":"wp","href":"https:\/\/api.w.org\/{rel}","templated":true}]}}