{"id":54627,"date":"2016-07-29T11:51:05","date_gmt":"2016-07-29T10:51:05","guid":{"rendered":"http:\/\/2horizontes.com\/?p=54627"},"modified":"2016-07-29T11:51:05","modified_gmt":"2016-07-29T10:51:05","slug":"schweinsteiger-deja-la-seleccion-de-alemania","status":"publish","type":"post","link":"https:\/\/2horizontes.com\/?p=54627","title":{"rendered":"Schweinsteiger deja la selecci\u00f3n de Alemania"},"content":{"rendered":"<p>El capit\u00e1n de la selecci\u00f3n alemana y actual jugador del Manchester United, Bastian Schweinsteiger , anunci\u00f3 hoy su retirada del conjunto que dirige Joachim L\u00f6w, a trav\u00e9s de su cuenta de Twitter.<\/p>\n<p>\u00abQueridos seguidores de la selecci\u00f3n nacional: acabo de comunicarle al seleccionador que no me tenga en cuenta para futuras convocatorias, ya que quiero retirarme\u00bb, apunta el campe\u00f3n del mundo de Brasil 2014 en la citada red social.<\/p>\n<p>Tras expresar su agradecimiento a la afici\u00f3n, a la Federaci\u00f3n Alemana de F\u00fatbol (DFB), al seleccionador y a sus compa\u00f1eros, Schweinsteiger recuerda que ha disputado 120 partidos como internacional y tambi\u00e9n la tristeza que le produjo no poder ganar para su pa\u00eds el t\u00edtulo de la pasada Eurocopa.<\/p>\n<p>Sabe lo que significaba para m\u00ed la Eurocopa de Francia, quer\u00eda ganar como fuera el t\u00edtulo que desde 1996 Alemania no consegu\u00eda obtener\u00bb, prosigue en la declaraci\u00f3n colgada junto al mensaje.<\/p>\n<p>Schweinsteiger, de 31 a\u00f1os y jugador del Manchester United, alude asimismo a la haza\u00f1a \u00abhist\u00f3rica\u00bb y \u00abemocional\u00bb lograda en el mundial brasile\u00f1o y apunta a que es \u00abcorrecto\u00bb y \u00absensato\u00bb dejar ahora la selecci\u00f3n.<\/p>\n<p>\u00abFue un honor jugar por todos vosotros, gracias por todo lo que viv\u00ed en este tiempo\u00bb, termina su comunicado.<\/p>\n","protected":false},"excerpt":{"rendered":"<p>El capit\u00e1n de la selecci\u00f3n alemana y actual jugador del Manchester United, Bastian Schweinsteiger , anunci\u00f3 hoy su retirada del conjunto que dirige Joachim L\u00f6w, a trav\u00e9s de su cuenta de Twitter. \u00abQueridos seguidores de la selecci\u00f3n nacional: acabo de comunicarle al seleccionador que no me tenga en cuenta para futuras convocatorias, ya que quiero [&hellip;]<\/p>\n","protected":false},"author":3,"featured_media":54628,"comment_status":"open","ping_status":"open","sticky":false,"template":"","format":"standard","meta":{"footnotes":""},"categories":[42],"tags":[],"class_list":["post-54627","post","type-post","status-publish","format-standard","has-post-thumbnail","hentry","category-deportes"],"_links":{"self":[{"href":"https:\/\/2horizontes.com\/index.php?rest_route=\/wp\/v2\/posts\/54627","targetHints":{"allow":["GET"]}}],"collection":[{"href":"https:\/\/2horizontes.com\/index.php?rest_route=\/wp\/v2\/posts"}],"about":[{"href":"https:\/\/2horizontes.com\/index.php?rest_route=\/wp\/v2\/types\/post"}],"author":[{"embeddable":true,"href":"https:\/\/2horizontes.com\/index.php?rest_route=\/wp\/v2\/users\/3"}],"replies":[{"embeddable":true,"href":"https:\/\/2horizontes.com\/index.php?rest_route=%2Fwp%2Fv2%2Fcomments&post=54627"}],"version-history":[{"count":1,"href":"https:\/\/2horizontes.com\/index.php?rest_route=\/wp\/v2\/posts\/54627\/revisions"}],"predecessor-version":[{"id":54629,"href":"https:\/\/2horizontes.com\/index.php?rest_route=\/wp\/v2\/posts\/54627\/revisions\/54629"}],"wp:featuredmedia":[{"embeddable":true,"href":"https:\/\/2horizontes.com\/index.php?rest_route=\/wp\/v2\/media\/54628"}],"wp:attachment":[{"href":"https:\/\/2horizontes.com\/index.php?rest_route=%2Fwp%2Fv2%2Fmedia&parent=54627"}],"wp:term":[{"taxonomy":"category","embeddable":true,"href":"https:\/\/2horizontes.com\/index.php?rest_route=%2Fwp%2Fv2%2Fcategories&post=54627"},{"taxonomy":"post_tag","embeddable":true,"href":"https:\/\/2horizontes.com\/index.php?rest_route=%2Fwp%2Fv2%2Ftags&post=54627"}],"curies":[{"name":"wp","href":"https:\/\/api.w.org\/{rel}","templated":true}]}}