{"id":54555,"date":"2016-07-28T15:21:50","date_gmt":"2016-07-28T14:21:50","guid":{"rendered":"http:\/\/2horizontes.com\/?p=54555"},"modified":"2016-07-28T15:21:50","modified_gmt":"2016-07-28T14:21:50","slug":"francia-moviliza-a-23-500-personas-para-proteger-los-eventos-de-este-verano","status":"publish","type":"post","link":"https:\/\/2horizontes.com\/?p=54555","title":{"rendered":"Francia moviliza a 23.500 personas para proteger los eventos de este verano"},"content":{"rendered":"<div id=\"ArticleAuthorDiv\" class=\"article-body-author\"><b>EFE<\/b><\/div>\n<div id=\"ArticleSourceDiv\" class=\"article-body-author\"><b>Par\u00eds<\/b><\/div>\n<div id=\"ArticleBody\">\n<p>Francia va a movilizar a 23.500 polic\u00edas, gendarmes, militares y reservistas para proteger los eventos estivales programados en todo el pa\u00eds ante la amenaza terrorista, que se encuentra en el nivel m\u00e1s elevado que se ha registrado hasta ahora.<\/p>\n<p>El ministro de Interior, Bernard Cazeneuve, indic\u00f3 que se va a reforzar el dispositivo de seguridad para los 56 grandes eventos que deben celebrarse hasta finales de verano, en una comparecencia ante la prensa al t\u00e9rmino de un consejo restringido de seguridad y defensa presidido por el jefe del Estado, Fran\u00e7ois Hollande.<\/p>\n<p>Se trata de garantizar \u00abel buen desarrollo de esos acontecimientos\u00bb, destac\u00f3 Cazeneuve, tras esta nueva reuni\u00f3n de crisis, en esta ocasi\u00f3n despu\u00e9s del atentado yihadista de ayer en una iglesia de Normand\u00eda, donde fue asesinado el sacerdote que oficiaba la misa y herido un feligr\u00e9s antes de que los dos terroristas fueran abatidos por la polic\u00eda.<\/p>\n<p>El ministro dijo haber dado instrucciones a los prefectos (delegados del Gobierno) para evaluar en cada caso las necesidades con los alcaldes, delimitar las responsabilidades y decidir la cancelaci\u00f3n de los actos \u00absi no se dan las condiciones\u00bb de seguridad.<\/p>\n<p>El refuerzo del dispositivo se concretar\u00e1 con el aumento a 10.000 del n\u00famero de militares que participan en la misi\u00f3n antiterrorista Sentinelle por todo el territorio franc\u00e9s, pero tambi\u00e9n con una modificaci\u00f3n de su despliegue.<\/p>\n<p>As\u00ed habr\u00e1 m\u00e1s militares fuera de Par\u00eds, que ahora concentra el 40 % del total, y se aumentar\u00e1 el recurso a los reservistas de la Gendarmer\u00eda.<\/p>\n<p>Cazeneuve indic\u00f3 que 2.500 j\u00f3venes franceses han manifestado su inter\u00e9s por integrarse en la reserva operativa.<\/p>\n<p>Fuera de las fronteras francesas, el ministro de Defensa, Jean-Yves Le Drian, confirm\u00f3 el env\u00edo a finales de septiembre del portaaviones \u00abCharles de Gaulle\u00bb para incrementar las capacidades militares contra el Estado Isl\u00e1mico (EI) en Siria e Irak.<\/p>\n<p>En esa misma l\u00ednea, aumentar\u00e1 el despliegue de cazas franceses en bases de Jordania y de los Emiratos \u00c1rabes Unidos para bombardear las posiciones del EI en Siria e Irak.<\/p>\n<p>Cazeneuve volvi\u00f3 a repetir la posici\u00f3n que ayer defendi\u00f3 Hollande frente a las cr\u00edticas de la oposici\u00f3n de derechas sobre la insuficiencia de la pol\u00edtica antiterrorista del Gobierno.<\/p>\n<p>Consider\u00f3 que \u00aben gran medida\u00bb se ha hecho \u00ablo que deb\u00eda hacerse\u00bb aunque siempre se puede a\u00f1adir alg\u00fan elemento, y por eso se mostr\u00f3 abierto al di\u00e1logo, pero insisti\u00f3 en las l\u00edneas rojas.<\/p>\n<p>\u00abNo podemos salir del Estado de derecho para proteger el Estado de derecho\u00bb porque por esa v\u00eda \u00abhabremos consagrado la victoria de los terroristas\u00bb, argument\u00f3.<\/p>\n<p>A su juicio, tomar medidas que se salten las reglas del marco jur\u00eddico constitucional \u00abser\u00eda una forma de consagraci\u00f3n de la demagogia\u00bb y generar\u00eda \u00abdivisiones considerables\u00bb.<\/p>\n<\/div>\n","protected":false},"excerpt":{"rendered":"<p>EFE Par\u00eds Francia va a movilizar a 23.500 polic\u00edas, gendarmes, militares y reservistas para proteger los eventos estivales programados en todo el pa\u00eds ante la amenaza terrorista, que se encuentra en el nivel m\u00e1s elevado que se ha registrado hasta ahora. El ministro de Interior, Bernard Cazeneuve, indic\u00f3 que se va a reforzar el dispositivo [&hellip;]<\/p>\n","protected":false},"author":7,"featured_media":54556,"comment_status":"open","ping_status":"open","sticky":false,"template":"","format":"standard","meta":{"footnotes":""},"categories":[86,40,64],"tags":[],"class_list":["post-54555","post","type-post","status-publish","format-standard","has-post-thumbnail","hentry","category-europa","category-internacionales","category-turismo"],"_links":{"self":[{"href":"https:\/\/2horizontes.com\/index.php?rest_route=\/wp\/v2\/posts\/54555","targetHints":{"allow":["GET"]}}],"collection":[{"href":"https:\/\/2horizontes.com\/index.php?rest_route=\/wp\/v2\/posts"}],"about":[{"href":"https:\/\/2horizontes.com\/index.php?rest_route=\/wp\/v2\/types\/post"}],"author":[{"embeddable":true,"href":"https:\/\/2horizontes.com\/index.php?rest_route=\/wp\/v2\/users\/7"}],"replies":[{"embeddable":true,"href":"https:\/\/2horizontes.com\/index.php?rest_route=%2Fwp%2Fv2%2Fcomments&post=54555"}],"version-history":[{"count":1,"href":"https:\/\/2horizontes.com\/index.php?rest_route=\/wp\/v2\/posts\/54555\/revisions"}],"predecessor-version":[{"id":54557,"href":"https:\/\/2horizontes.com\/index.php?rest_route=\/wp\/v2\/posts\/54555\/revisions\/54557"}],"wp:featuredmedia":[{"embeddable":true,"href":"https:\/\/2horizontes.com\/index.php?rest_route=\/wp\/v2\/media\/54556"}],"wp:attachment":[{"href":"https:\/\/2horizontes.com\/index.php?rest_route=%2Fwp%2Fv2%2Fmedia&parent=54555"}],"wp:term":[{"taxonomy":"category","embeddable":true,"href":"https:\/\/2horizontes.com\/index.php?rest_route=%2Fwp%2Fv2%2Fcategories&post=54555"},{"taxonomy":"post_tag","embeddable":true,"href":"https:\/\/2horizontes.com\/index.php?rest_route=%2Fwp%2Fv2%2Ftags&post=54555"}],"curies":[{"name":"wp","href":"https:\/\/api.w.org\/{rel}","templated":true}]}}