{"id":54520,"date":"2016-07-27T18:31:52","date_gmt":"2016-07-27T17:31:52","guid":{"rendered":"http:\/\/2horizontes.com\/?p=54520"},"modified":"2016-07-27T18:31:52","modified_gmt":"2016-07-27T17:31:52","slug":"desmantelaron-salon-hugo-chavez-frias-en-argentina","status":"publish","type":"post","link":"https:\/\/2horizontes.com\/?p=54520","title":{"rendered":"Desmantelaron Sal\u00f3n Hugo Ch\u00e1vez Fr\u00edas en Argentina"},"content":{"rendered":"<p>El gobierno de Mauricio Macri orden\u00f3 este martes el desmantelamiento total del Sal\u00f3n Hugo Ch\u00e1vez Fr\u00edas que exist\u00eda en la Casa Patria Grande \u201cDr. N\u00e9stor Carlos Kirchner\u201d de Buenos Aires.<\/p>\n<p>El Sal\u00f3n fue inaugurado en noviembre de 2013 luego de que el Dr. Oscar Parrilli (Ex Secretario General de la Presidencia de la Naci\u00f3n Argentina), cediera ese espacio para recordar la memoria del fallecido presidente Hugo Ch\u00e1vez en Argentina.<\/p>\n<p>El retiro de las im\u00e1genes y los cuadros que estaban en el lugar las habr\u00eda hecho el personal del Ministerio de Cultura de Argentina.<\/p>\n<p>Por su parte, la representaci\u00f3n diplom\u00e1tica de Venezuela en el pa\u00eds austral, se encuentra haciendo las coordinaciones para recuperar el material y trasladarlo hasta la sede de la Embajada de Venezuela en Argentina para su respectiva guarda y custodia.<\/p>\n","protected":false},"excerpt":{"rendered":"<p>El gobierno de Mauricio Macri orden\u00f3 este martes el desmantelamiento total del Sal\u00f3n Hugo Ch\u00e1vez Fr\u00edas que exist\u00eda en la Casa Patria Grande \u201cDr. N\u00e9stor Carlos Kirchner\u201d de Buenos Aires. El Sal\u00f3n fue inaugurado en noviembre de 2013 luego de que el Dr. Oscar Parrilli (Ex Secretario General de la Presidencia de la Naci\u00f3n Argentina), [&hellip;]<\/p>\n","protected":false},"author":13240,"featured_media":54524,"comment_status":"open","ping_status":"open","sticky":false,"template":"","format":"standard","meta":{"footnotes":""},"categories":[40,43,48],"tags":[],"class_list":["post-54520","post","type-post","status-publish","format-standard","has-post-thumbnail","hentry","category-internacionales","category-politica","category-venezuela"],"_links":{"self":[{"href":"https:\/\/2horizontes.com\/index.php?rest_route=\/wp\/v2\/posts\/54520","targetHints":{"allow":["GET"]}}],"collection":[{"href":"https:\/\/2horizontes.com\/index.php?rest_route=\/wp\/v2\/posts"}],"about":[{"href":"https:\/\/2horizontes.com\/index.php?rest_route=\/wp\/v2\/types\/post"}],"author":[{"embeddable":true,"href":"https:\/\/2horizontes.com\/index.php?rest_route=\/wp\/v2\/users\/13240"}],"replies":[{"embeddable":true,"href":"https:\/\/2horizontes.com\/index.php?rest_route=%2Fwp%2Fv2%2Fcomments&post=54520"}],"version-history":[{"count":1,"href":"https:\/\/2horizontes.com\/index.php?rest_route=\/wp\/v2\/posts\/54520\/revisions"}],"predecessor-version":[{"id":54525,"href":"https:\/\/2horizontes.com\/index.php?rest_route=\/wp\/v2\/posts\/54520\/revisions\/54525"}],"wp:featuredmedia":[{"embeddable":true,"href":"https:\/\/2horizontes.com\/index.php?rest_route=\/wp\/v2\/media\/54524"}],"wp:attachment":[{"href":"https:\/\/2horizontes.com\/index.php?rest_route=%2Fwp%2Fv2%2Fmedia&parent=54520"}],"wp:term":[{"taxonomy":"category","embeddable":true,"href":"https:\/\/2horizontes.com\/index.php?rest_route=%2Fwp%2Fv2%2Fcategories&post=54520"},{"taxonomy":"post_tag","embeddable":true,"href":"https:\/\/2horizontes.com\/index.php?rest_route=%2Fwp%2Fv2%2Ftags&post=54520"}],"curies":[{"name":"wp","href":"https:\/\/api.w.org\/{rel}","templated":true}]}}