{"id":54446,"date":"2016-07-26T15:00:27","date_gmt":"2016-07-26T14:00:27","guid":{"rendered":"http:\/\/2horizontes.com\/?p=54446"},"modified":"2016-07-26T15:00:27","modified_gmt":"2016-07-26T14:00:27","slug":"un-muerto-en-el-ataque-a-una-iglesia-en-el-norte-de-francia-hollande-dice-que-fue-nombre-de-isis","status":"publish","type":"post","link":"https:\/\/2horizontes.com\/?p=54446","title":{"rendered":"Un muerto en el ataque a una iglesia en el norte de Francia; Hollande dice que fue \u00abnombre de ISIS\u00bb"},"content":{"rendered":"<p><strong>Francia<\/strong><\/p>\n<p><strong>(CNN Espa\u00f1ol) &#8211;<\/strong>\u00a0Una persona muri\u00f3 durante una toma de rehenes\u00a0en una iglesia\u00a0en la regi\u00f3n de Normand\u00eda, en el norte de Francia, inform\u00f3\u00a0el vocero del Ministerio del Interior, Pierre-Henry Brandet.<\/p>\n<p>Francois Hollande dijo que el ataque fue llevado a cabo \u00abpor dos terroristas en nombre de DAESH\u00bb (otro acr\u00f3nimo para ISIS).<\/p>\n<div class=\"ym-wrapper\"><\/div>\n<p>La di\u00f3cesis de Rouen confirm\u00f3 que el fallecido es el sacerdote Jacques Hamel, de 84 a\u00f1os.<\/p>\n<p>Otro de los rehenes fue herido de gravedad y est\u00e1 \u00abentre la vida y la muerte\u00bb, agreg\u00f3 el portavoz.<\/p>\n<p>Dos hombres armados tomaron como rehenes al sacerdote, dos religiosas y dos feligreses en una iglesia\u00a0de la localidad de St. Etienne de Rouvray.<\/p>\n<p>La toma de rehenes termin\u00f3 cuando los\u00a0dos hombres fueron abatidos por la polic\u00eda, seg\u00fan\u00a0Brandet.<span id=\"more-306224\"><\/span><\/p>\n<p>No hay informaci\u00f3n sobre el motivo de la toma de rehenes en este momento, ni de la identidad de los atacantes. La Fiscal\u00eda Antiterrorismo de Par\u00eds se hizo cargo de la investigaci\u00f3n. La polic\u00eda todav\u00eda est\u00e1 en el lugar de los hechos.<\/p>\n<p>El presidente Francois Hollande y el ministro del Interior, Bernard Cazeneuve, se dirigen hacia\u00a0St. Etienne de Rouvray, confirmaron a CNN fuentes del El\u00edseo.<\/p>\n<p>El Vaticano conden\u00f3 el ataque en un comunicado. \u00abEs una noticia terrible, que desafortunadamente se agrega a la serie de violencia que en los d\u00edas recientes nos han conmocionado, y creado un inmenso dolor y preocupaci\u00f3n. Seguimos la informaci\u00f3n para entender qu\u00e9 ha ocurrido. El papa est\u00e1 informado y siente el dolor y el horror de esta violencia absurda\u00bb, dice el comunicado.<\/p>\n<p><em>Informaci\u00f3n en proceso<\/em><\/p>\n","protected":false},"excerpt":{"rendered":"<p>Francia (CNN Espa\u00f1ol) &#8211;\u00a0Una persona muri\u00f3 durante una toma de rehenes\u00a0en una iglesia\u00a0en la regi\u00f3n de Normand\u00eda, en el norte de Francia, inform\u00f3\u00a0el vocero del Ministerio del Interior, Pierre-Henry Brandet. Francois Hollande dijo que el ataque fue llevado a cabo \u00abpor dos terroristas en nombre de DAESH\u00bb (otro acr\u00f3nimo para ISIS). La di\u00f3cesis de Rouen [&hellip;]<\/p>\n","protected":false},"author":7,"featured_media":54447,"comment_status":"open","ping_status":"open","sticky":false,"template":"","format":"standard","meta":{"footnotes":""},"categories":[40],"tags":[],"class_list":["post-54446","post","type-post","status-publish","format-standard","has-post-thumbnail","hentry","category-internacionales"],"_links":{"self":[{"href":"https:\/\/2horizontes.com\/index.php?rest_route=\/wp\/v2\/posts\/54446","targetHints":{"allow":["GET"]}}],"collection":[{"href":"https:\/\/2horizontes.com\/index.php?rest_route=\/wp\/v2\/posts"}],"about":[{"href":"https:\/\/2horizontes.com\/index.php?rest_route=\/wp\/v2\/types\/post"}],"author":[{"embeddable":true,"href":"https:\/\/2horizontes.com\/index.php?rest_route=\/wp\/v2\/users\/7"}],"replies":[{"embeddable":true,"href":"https:\/\/2horizontes.com\/index.php?rest_route=%2Fwp%2Fv2%2Fcomments&post=54446"}],"version-history":[{"count":1,"href":"https:\/\/2horizontes.com\/index.php?rest_route=\/wp\/v2\/posts\/54446\/revisions"}],"predecessor-version":[{"id":54448,"href":"https:\/\/2horizontes.com\/index.php?rest_route=\/wp\/v2\/posts\/54446\/revisions\/54448"}],"wp:featuredmedia":[{"embeddable":true,"href":"https:\/\/2horizontes.com\/index.php?rest_route=\/wp\/v2\/media\/54447"}],"wp:attachment":[{"href":"https:\/\/2horizontes.com\/index.php?rest_route=%2Fwp%2Fv2%2Fmedia&parent=54446"}],"wp:term":[{"taxonomy":"category","embeddable":true,"href":"https:\/\/2horizontes.com\/index.php?rest_route=%2Fwp%2Fv2%2Fcategories&post=54446"},{"taxonomy":"post_tag","embeddable":true,"href":"https:\/\/2horizontes.com\/index.php?rest_route=%2Fwp%2Fv2%2Ftags&post=54446"}],"curies":[{"name":"wp","href":"https:\/\/api.w.org\/{rel}","templated":true}]}}