{"id":54406,"date":"2016-07-26T00:20:46","date_gmt":"2016-07-25T23:20:46","guid":{"rendered":"http:\/\/2horizontes.com\/?p=54406"},"modified":"2016-07-26T00:20:46","modified_gmt":"2016-07-25T23:20:46","slug":"al-menos-19-fallecidos-en-japon-en-un-ataque-en-un-centro-de-discapacitados","status":"publish","type":"post","link":"https:\/\/2horizontes.com\/?p=54406","title":{"rendered":"Al menos 19 fallecidos en Jap\u00f3n en un ataque en un centro de discapacitados"},"content":{"rendered":"<p>Al menos 19 personas han muerto y 45 han resultado heridas como resultado de un ataque a un centro de discapacitados perpetrado por un desconocido con un cuchillo en la ciudad de Sagamihara, prefectura de Kanagawa en Jap\u00f3n. La Polic\u00eda de la prefectura ha informado de que el hombre que ha llevado a cabo el brutal ataque ya ha sido detenido, aunque algunas fuentes aseguran que el agresor se habr\u00eda entregado voluntariamente en una comisar\u00eda cercana tras el suceso. \u201cHe sido yo\u201d, ha reconocido supuestamente el autor ante los agentes.<\/p>\n<p>La Polic\u00eda recibi\u00f3 una llamada del personal cuando ocurri\u00f3 el ataque, cerca de las 2:30 am (hora local), tras lo cual rode\u00f3 el lugar de los hechos. Medios locales sostienen que el atacante podr\u00eda ser un joven de 26 a\u00f1os extrabajador del centro, aunque este extremo no ha sido confirmado.<\/p>\n<p>Imagen de las inmediaciones del centro de discapacitados atacado<br \/>\nImagen de las inmediaciones del centro de discapacitados atacado.<\/p>\n<p>El odio hacia el colectivo de discapacitados habr\u00eda motivado el ataque, ya que seg\u00fan el diario japon\u00e9s Asahi Shimbun, el agresor habr\u00eda declarado ante la polic\u00eda su deseo de \u201cacabar con todos los discapacitados del mundo\u201d.<\/p>\n","protected":false},"excerpt":{"rendered":"<p>Al menos 19 personas han muerto y 45 han resultado heridas como resultado de un ataque a un centro de discapacitados perpetrado por un desconocido con un cuchillo en la ciudad de Sagamihara, prefectura de Kanagawa en Jap\u00f3n. La Polic\u00eda de la prefectura ha informado de que el hombre que ha llevado a cabo el [&hellip;]<\/p>\n","protected":false},"author":3,"featured_media":54407,"comment_status":"open","ping_status":"open","sticky":false,"template":"","format":"standard","meta":{"footnotes":""},"categories":[40],"tags":[],"class_list":["post-54406","post","type-post","status-publish","format-standard","has-post-thumbnail","hentry","category-internacionales"],"_links":{"self":[{"href":"https:\/\/2horizontes.com\/index.php?rest_route=\/wp\/v2\/posts\/54406","targetHints":{"allow":["GET"]}}],"collection":[{"href":"https:\/\/2horizontes.com\/index.php?rest_route=\/wp\/v2\/posts"}],"about":[{"href":"https:\/\/2horizontes.com\/index.php?rest_route=\/wp\/v2\/types\/post"}],"author":[{"embeddable":true,"href":"https:\/\/2horizontes.com\/index.php?rest_route=\/wp\/v2\/users\/3"}],"replies":[{"embeddable":true,"href":"https:\/\/2horizontes.com\/index.php?rest_route=%2Fwp%2Fv2%2Fcomments&post=54406"}],"version-history":[{"count":1,"href":"https:\/\/2horizontes.com\/index.php?rest_route=\/wp\/v2\/posts\/54406\/revisions"}],"predecessor-version":[{"id":54408,"href":"https:\/\/2horizontes.com\/index.php?rest_route=\/wp\/v2\/posts\/54406\/revisions\/54408"}],"wp:featuredmedia":[{"embeddable":true,"href":"https:\/\/2horizontes.com\/index.php?rest_route=\/wp\/v2\/media\/54407"}],"wp:attachment":[{"href":"https:\/\/2horizontes.com\/index.php?rest_route=%2Fwp%2Fv2%2Fmedia&parent=54406"}],"wp:term":[{"taxonomy":"category","embeddable":true,"href":"https:\/\/2horizontes.com\/index.php?rest_route=%2Fwp%2Fv2%2Fcategories&post=54406"},{"taxonomy":"post_tag","embeddable":true,"href":"https:\/\/2horizontes.com\/index.php?rest_route=%2Fwp%2Fv2%2Ftags&post=54406"}],"curies":[{"name":"wp","href":"https:\/\/api.w.org\/{rel}","templated":true}]}}