{"id":54347,"date":"2016-07-22T19:38:31","date_gmt":"2016-07-22T18:38:31","guid":{"rendered":"http:\/\/2horizontes.com\/?p=54347"},"modified":"2016-07-22T19:38:31","modified_gmt":"2016-07-22T18:38:31","slug":"alemania-la-policia-reporta-varios-muertos-en-un-ataque-en-un-centro-comercial-en-munich","status":"publish","type":"post","link":"https:\/\/2horizontes.com\/?p=54347","title":{"rendered":"Alemania: la polic\u00eda reporta varios muertos en un ataque en un centro comercial en M\u00fanich"},"content":{"rendered":"<p><strong>La polic\u00eda de M\u00fanich, en Alemania, report\u00f3 que un ataque en un centro comercial dej\u00f3 varios muertos y un n\u00famero de heridos que est\u00e1 por determinar.<\/strong><\/p>\n<p>Las autoridades hablan de al menos tres muertos pero diferentes fuentes citadas por medios locales afirman que son hasta 15 los fallecidos.<\/p>\n<ul class=\"story-body__unordered-list\">\n<li class=\"story-body__list-item\">La polic\u00eda en Alemania mata a joven afgano que atac\u00f3 con un hacha y un cuchillo a los pasajeros de un tren<\/li>\n<\/ul>\n<p>Testimonios recabados por la polic\u00eda hablaron de al menos tres hombres armados como supuestos responsables del ataque.<\/p>\n<p>Los autores se encuentran a la fuga y <strong>hay un enorme despliegue policial en la ciudad para tratar de capturarlos<\/strong>.<\/p>\n<p>En un video grabado por un transe\u00fante con un celular obtenido por la BBC se pueden escuchar numerosos disparos y c\u00f3mo la gente trata de cubrirse. Por lo que se aprecia en la grabaci\u00f3n, los autores de los disparos no gritan nada cuando comienzan el tiroteo.<\/p>\n<figure class=\"media-landscape no-caption full-width\"><span class=\"image-and-copyright-container\"><img loading=\"lazy\" decoding=\"async\" class=\"responsive-image__img js-image-replace\" src=\"http:\/\/ichef-1.bbci.co.uk\/news\/624\/cpsprodpb\/DE57\/production\/_90491965_mapa-tiroteo-munich.png\" alt=\"Centro comercial Olimpya\" width=\"624\" height=\"514\" data-highest-encountered-width=\"624\" \/><\/span><\/figure>\n<p>Diversos medios informan que testigos vieron a un hombre armado huir del lugar hacia una estaci\u00f3n de metro cercana. El transporte p\u00fablico de la ciudad fue suspendido.<\/p>\n<p>La cuenta de Twitter de la polic\u00eda de M\u00fanich, que en un principio ped\u00eda a la gente que evitara las inmediaciones del centro comercial, ahora solicita a la poblaci\u00f3n resguardarse en sus hogares y evitar los lugares p\u00fablicos.<\/p>\n<figure class=\"media-landscape has-caption full-width\"><span class=\"image-and-copyright-container\"><img loading=\"lazy\" decoding=\"async\" class=\"responsive-image__img js-image-replace\" src=\"http:\/\/ichef-1.bbci.co.uk\/news\/624\/cpsprodpb\/E6F9\/production\/_90492195_hi034179846.jpg\" alt=\"Polic\u00eda\" width=\"976\" height=\"549\" data-highest-encountered-width=\"624\" \/><span class=\"off-screen\">Image copyright<\/span><span class=\"story-image-copyright\">REUTERS<\/span><\/span><figcaption class=\"media-caption\"><span class=\"off-screen\">Image caption<\/span><span class=\"media-caption__text\">Los alrededores del centro comercial fueron acordonados enseguida.<\/span><\/figcaption><\/figure>\n<figure class=\"media-landscape has-caption full-width\"><span class=\"image-and-copyright-container\"><img loading=\"lazy\" decoding=\"async\" class=\"responsive-image__img js-image-replace\" src=\"http:\/\/ichef-1.bbci.co.uk\/news\/624\/cpsprodpb\/13519\/production\/_90492197_hi034179856.jpg\" alt=\"Polic\u00eda de M\u00fanich\" width=\"976\" height=\"549\" data-highest-encountered-width=\"624\" \/><span class=\"off-screen\">Image copyright<\/span><span class=\"story-image-copyright\">AFP<\/span><\/span><figcaption class=\"media-caption\"><span class=\"off-screen\">Image caption<\/span><span class=\"media-caption__text\">Poco despu\u00e9s de que se reportaran los disparos, se lanz\u00f3 la cancer\u00eda humana.<\/span><\/figcaption><\/figure>\n<p>Las fuerzas de seguridad han estado en alerta desde que un inmigrante atac\u00f3 con un hacha a cuatro personas en un tren en Baviera, el lunes.<\/p>\n<p>Las autoridades hab\u00edan advertido del peligro de nuevos ataques.<\/p>\n<p><i>M\u00e1s informaci\u00f3n en breve.<\/i><\/p>\n","protected":false},"excerpt":{"rendered":"<p>La polic\u00eda de M\u00fanich, en Alemania, report\u00f3 que un ataque en un centro comercial dej\u00f3 varios muertos y un n\u00famero de heridos que est\u00e1 por determinar. Las autoridades hablan de al menos tres muertos pero diferentes fuentes citadas por medios locales afirman que son hasta 15 los fallecidos. La polic\u00eda en Alemania mata a joven [&hellip;]<\/p>\n","protected":false},"author":4,"featured_media":54348,"comment_status":"open","ping_status":"open","sticky":false,"template":"","format":"standard","meta":{"footnotes":""},"categories":[86,40,84],"tags":[],"class_list":["post-54347","post","type-post","status-publish","format-standard","has-post-thumbnail","hentry","category-europa","category-internacionales","category-otras-noticias"],"_links":{"self":[{"href":"https:\/\/2horizontes.com\/index.php?rest_route=\/wp\/v2\/posts\/54347","targetHints":{"allow":["GET"]}}],"collection":[{"href":"https:\/\/2horizontes.com\/index.php?rest_route=\/wp\/v2\/posts"}],"about":[{"href":"https:\/\/2horizontes.com\/index.php?rest_route=\/wp\/v2\/types\/post"}],"author":[{"embeddable":true,"href":"https:\/\/2horizontes.com\/index.php?rest_route=\/wp\/v2\/users\/4"}],"replies":[{"embeddable":true,"href":"https:\/\/2horizontes.com\/index.php?rest_route=%2Fwp%2Fv2%2Fcomments&post=54347"}],"version-history":[{"count":1,"href":"https:\/\/2horizontes.com\/index.php?rest_route=\/wp\/v2\/posts\/54347\/revisions"}],"predecessor-version":[{"id":54349,"href":"https:\/\/2horizontes.com\/index.php?rest_route=\/wp\/v2\/posts\/54347\/revisions\/54349"}],"wp:featuredmedia":[{"embeddable":true,"href":"https:\/\/2horizontes.com\/index.php?rest_route=\/wp\/v2\/media\/54348"}],"wp:attachment":[{"href":"https:\/\/2horizontes.com\/index.php?rest_route=%2Fwp%2Fv2%2Fmedia&parent=54347"}],"wp:term":[{"taxonomy":"category","embeddable":true,"href":"https:\/\/2horizontes.com\/index.php?rest_route=%2Fwp%2Fv2%2Fcategories&post=54347"},{"taxonomy":"post_tag","embeddable":true,"href":"https:\/\/2horizontes.com\/index.php?rest_route=%2Fwp%2Fv2%2Ftags&post=54347"}],"curies":[{"name":"wp","href":"https:\/\/api.w.org\/{rel}","templated":true}]}}