{"id":5433,"date":"2015-05-01T15:09:36","date_gmt":"2015-05-01T14:09:36","guid":{"rendered":"http:\/\/2horizontes.com\/?p=5433"},"modified":"2015-05-01T15:09:36","modified_gmt":"2015-05-01T14:09:36","slug":"una-gran-multitud-de-personas-se-manifiestan-en-madrid-por-un-empleo-digno-y-de-calidad","status":"publish","type":"post","link":"https:\/\/2horizontes.com\/?p=5433","title":{"rendered":"Una gran multitud de personas se manifiestan en Madrid por un empleo digno y de calidad"},"content":{"rendered":"<div class=\"field field-type-text field-field-newdescription\">\n<div class=\"field-items\">\n<div class=\"field-item odd\">\n<p>Decenas de miles de personas se han manifestado en Madrid convocadas por CC.OO. y UGT en una festividad del D\u00eda del Trabajo en la que han reclamado que la salida de la crisis vaya aparejada de la recuperaci\u00f3n de derechos laborales y de empleo de calidad.Los secretarios generales de CC.OO. y UGT, Ignacio Fern\u00e1ndez Toxo y C\u00e1ndido M\u00e9ndez, han emplazado al Gobierno a no conformarse con los datos macroecon\u00f3micos y situarse en una din\u00e1mica diferente, que permita un crecimiento \u00abvigoroso\u00bb de la econom\u00eda compatible con el crecimiento del empleo.<\/p>\n<p>Minutos antes del arranque de la manifestaci\u00f3n, M\u00e9ndez ha subrayado, en declaraciones a la prensa, que los mensajes del Gobierno en materia de crecimiento econ\u00f3mico \u00abs\u00f3lo est\u00e1n respaldados por la coyuntura electoral pero no por las agencias internacionales ni por la propia realidad del pa\u00eds\u00bb.<\/p>\n<p>Toxo, por su parte, ha insistido en que el pacto salarial que negocian con las organizaciones empresariales es necesario especialmente para los que han visto recortados sus sueldos, pero tambi\u00e9n para que la econom\u00eda espa\u00f1ola \u00abtome velocidad de crucero\u00bb. \u00abPara que haya acuerdo deber\u00e1 garantizarse el empleo de calidad, mayores salarios y una salida a los problemas de ultraactividad\u00bb, ha apuntado.<\/p>\n<p>La marcha arranc\u00f3 pasadas las 12.20 horas del Paseo del Prado al mismo tiempo que el sol se abr\u00eda paso en un cielo encapotado. A esas horas, miles de personas ya estaban congregadas entre tambores y pitos, y entre un gran n\u00famero de banderas y estandartes con los tradicionales colores blanco y rojo de los sindicatos mayoritarios.<\/p>\n<p><b>AUSENCIA DE INSIGNIAS DE PODEMOS<\/b><\/p>\n<p>Tambi\u00e9n ondeaban muchas banderas republicanas y algunas, menos, del Partido Comunista, as\u00ed como de otras formaciones pol\u00edticas como Izquierda Unida o Equo. Destacable ha sido la pr\u00e1ctica ausencia de insignias de Podemos. Como es tradici\u00f3n, una de las consignas m\u00e1s repetidas por los manifestantes era el &#8216;Viva la lucha de la clase obrera&#8217; o el &#8216;Manos arriba, esto es un atraco&#8217;. Si bien, este a\u00f1o, aunque se ha caracterizado por el ambiente festivo, tambi\u00e9n ha dado lugar a otros c\u00e1nticos cr\u00edticos contra el presidente del Gobierno, Mariano Rajoy, y su reforma laboral, as\u00ed como contra el exministro de Econom\u00eda &#8216;popular&#8217;, Rodrigo Rato.<\/p>\n<p>Mientras un cami\u00f3n de las Juventudes Comunistas con m\u00fasica rock reivindicativa en la megafon\u00eda remontaba la calle Alcal\u00e1 camino de la Puerta del Sol, trabajadores en huelga de Telef\u00f3nica clamaban por sus derechos laborales y otros de Coca-Cola Iberian Partners ped\u00edan al grito de \u00abreadmisi\u00f3n\u00bb la reapertura de la f\u00e1brica de Fuenlabrada.<\/p>\n<p>La cabecera ha desembocado en la Puerta del Sol pasadas las 13.00 horas tras un recorrido \u00e1gil y muy tranquilo. Una vez en el escenario, los secretarios generales de CC.OO y UGT, Ignacio Fern\u00e1ndez Toxo y C\u00e1ndido M\u00e9ndez, arropados por los primeros espadas de sus federaciones madrile\u00f1as se han dirigido a los manifestantes all\u00ed congregados.<\/p>\n<p><b>TOXO Y MENDEZ PIDEN UN CAMBIO RADICAL EN LAS POLITICAS<\/b><\/p>\n<p>En primer lugar, Toxo ha aprovechado la festividad del Primero de Mayo para mandar un mensaje de afecto a la poblaci\u00f3n afectada por el terremoto en Nepal y, acto seguido, reclamar \u00abla dignidad del trabajo\u00bb. Asimismo, ha tenido palabras de defensa para los trabajadores de Coca-Cola Iberian Partners, que han levantado aplausos y se han acompa\u00f1ado del despliegue en el escenario de una pancarta de \u00e1nimo a estos empleados.<\/p>\n<p>Toxo, que tambi\u00e9n ha mandado un mensaje de apoyo a los trabajadores de Correos, ha dicho que \u00abes importante que haya un cambio de actores en el Gobierno, pero sobre todo de pol\u00edticas\u00bb, para lo que ha llamado a la movilizaci\u00f3n. Asimismo, ha arremetido contra los mensajes de recuperaci\u00f3n del Gobierno y ha indicado que \u00abEspa\u00f1a saldr\u00e1 de la crisis cuando se recuperen los est\u00e1ndares de vida previos\u00bb a la misma. En este punto, ha demandado de todos los partidos pol\u00edticos el compromiso de restituir los derechos laborales tras los procesos electorales.<\/p>\n<p>Por su parte, M\u00e9ndez ha cargado contra los que \u00abpretenden contaminar diciendo que el papel de los sindicatos es cosa del pasado y una r\u00e9mora\u00bb. \u00abNo cre\u00e1is ni una sola de esas palabras\u00bb, ha dicho. Acto seguido ha mostrado su preocupaci\u00f3n por el aumento de la desconfianza en las instituciones y ha llegado a se\u00f1alar que \u00abla sociedad espa\u00f1ola est\u00e1 herida\u00bb. Asimismo, el l\u00edder de UGT ha cargado las tintas contra el Poder Judicial, al que ha acusado de hacer \u00ablistas negras\u00bb y tratar de reprimir el movimiento sindical con sentencias que \u00abpretenden disuadir y aterrorizar\u00bb a los trabajadores. Para terminar, M\u00e9ndez ha animado a luchar contra unas pol\u00edticas de recuperaci\u00f3n que, seg\u00fan ha dicho, \u00abser\u00e1n las mismas que las de la austeridad\u00bb.<\/p>\n<p>La marcha central del Primero de Mayo en Madrid ha finalizado con la Internacional sonando por la megafon\u00eda y el sol saliendo de nuevo sobre unos asistentes que han culminado una de las movilizaciones m\u00e1s tranquilas de los \u00faltimos a\u00f1os.<\/p>\n<\/div>\n<\/div>\n<\/div>\n<p><!--more--><\/p>\n<p>&nbsp;<\/p>\n","protected":false},"excerpt":{"rendered":"<p>Decenas de miles de personas se han manifestado en Madrid convocadas por CC.OO. y UGT en una festividad del D\u00eda del Trabajo en la que han reclamado que la salida de la crisis vaya aparejada de la recuperaci\u00f3n de derechos laborales y de empleo de calidad.Los secretarios generales de CC.OO. y UGT, Ignacio Fern\u00e1ndez Toxo [&hellip;]<\/p>\n","protected":false},"author":4,"featured_media":5434,"comment_status":"open","ping_status":"open","sticky":false,"template":"","format":"standard","meta":{"footnotes":""},"categories":[62,85],"tags":[],"class_list":["post-5433","post","type-post","status-publish","format-standard","has-post-thumbnail","hentry","category-cultura","category-espana"],"_links":{"self":[{"href":"https:\/\/2horizontes.com\/index.php?rest_route=\/wp\/v2\/posts\/5433","targetHints":{"allow":["GET"]}}],"collection":[{"href":"https:\/\/2horizontes.com\/index.php?rest_route=\/wp\/v2\/posts"}],"about":[{"href":"https:\/\/2horizontes.com\/index.php?rest_route=\/wp\/v2\/types\/post"}],"author":[{"embeddable":true,"href":"https:\/\/2horizontes.com\/index.php?rest_route=\/wp\/v2\/users\/4"}],"replies":[{"embeddable":true,"href":"https:\/\/2horizontes.com\/index.php?rest_route=%2Fwp%2Fv2%2Fcomments&post=5433"}],"version-history":[{"count":1,"href":"https:\/\/2horizontes.com\/index.php?rest_route=\/wp\/v2\/posts\/5433\/revisions"}],"predecessor-version":[{"id":5435,"href":"https:\/\/2horizontes.com\/index.php?rest_route=\/wp\/v2\/posts\/5433\/revisions\/5435"}],"wp:featuredmedia":[{"embeddable":true,"href":"https:\/\/2horizontes.com\/index.php?rest_route=\/wp\/v2\/media\/5434"}],"wp:attachment":[{"href":"https:\/\/2horizontes.com\/index.php?rest_route=%2Fwp%2Fv2%2Fmedia&parent=5433"}],"wp:term":[{"taxonomy":"category","embeddable":true,"href":"https:\/\/2horizontes.com\/index.php?rest_route=%2Fwp%2Fv2%2Fcategories&post=5433"},{"taxonomy":"post_tag","embeddable":true,"href":"https:\/\/2horizontes.com\/index.php?rest_route=%2Fwp%2Fv2%2Ftags&post=5433"}],"curies":[{"name":"wp","href":"https:\/\/api.w.org\/{rel}","templated":true}]}}