{"id":54329,"date":"2016-07-22T17:55:23","date_gmt":"2016-07-22T16:55:23","guid":{"rendered":"http:\/\/2horizontes.com\/?p=54329"},"modified":"2016-07-22T17:55:23","modified_gmt":"2016-07-22T16:55:23","slug":"cuba-y-eeuu-firman-acuerdo-de-cooperacion-para-combatir-el-trafico-de-drogas","status":"publish","type":"post","link":"https:\/\/2horizontes.com\/?p=54329","title":{"rendered":"Cuba y EEUU firman acuerdo de cooperaci\u00f3n para combatir el tr\u00e1fico de drogas"},"content":{"rendered":"<div class=\"detalle-texto\">\n<div class=\"text\">\n<p>LA HABANA. Cuba y EE.UU. firmaron un acuerdo para la cooperaci\u00f3n en la lucha contra el tr\u00e1fico il\u00edcito de estupefacientes y sustancias psicotr\u00f3picas, durante el tercer encuentro t\u00e9cnico bilateral sobre el tema celebrado este jueves en La Habana, inform\u00f3 hoy la Canciller\u00eda de la isla.<\/p>\n<p>Este convenio facilitar\u00e1 la colaboraci\u00f3n y el intercambio de informaci\u00f3n entre las agencias sobre la aplicaci\u00f3n y cumplimiento de la ley de ambos pa\u00edses, seg\u00fan la nota oficial publicada en el sitio del Ministerio de Exteriores cubano.<\/p>\n<p>La reuni\u00f3n \u201ctranscurri\u00f3 en un clima de respeto y profesionalidad\u201d y las partes coincidieron en la utilidad del encuentro y acordaron mantener las conversaciones en el futuro, a\u00f1ade el comunicado.<\/p>\n<p>El pasado 20 de julio Cuba y EE.UU celebraron el primer aniversario del restablecimiento oficial de sus v\u00ednculos diplom\u00e1ticos y apertura de embajadas.<\/p>\n<p>Como parte del proceso de normalizaci\u00f3n de relaciones bilaterales, los dos pa\u00edses han estrechado la cooperaci\u00f3n en temas como seguridad a\u00e9rea, lucha contra el narcotr\u00e1fico, fraude migratorio y cumplimiento de la ley.<\/p>\n<p>En este a\u00f1o Cuba y EE.UU han firmado ya acuerdos relacionados con el cuidado del medio ambiente, el restablecimiento del servicio del correo postal y los vuelos regulares directos, la seguridad en navegaci\u00f3n mar\u00edtima, la agricultura, la seguridad de los viajeros, el comercio y las telecomunicaciones.<\/p>\n<\/div>\n<\/div>\n","protected":false},"excerpt":{"rendered":"<p>LA HABANA. Cuba y EE.UU. firmaron un acuerdo para la cooperaci\u00f3n en la lucha contra el tr\u00e1fico il\u00edcito de estupefacientes y sustancias psicotr\u00f3picas, durante el tercer encuentro t\u00e9cnico bilateral sobre el tema celebrado este jueves en La Habana, inform\u00f3 hoy la Canciller\u00eda de la isla. Este convenio facilitar\u00e1 la colaboraci\u00f3n y el intercambio de informaci\u00f3n [&hellip;]<\/p>\n","protected":false},"author":13240,"featured_media":54331,"comment_status":"open","ping_status":"open","sticky":false,"template":"","format":"standard","meta":{"footnotes":""},"categories":[49,40,43],"tags":[],"class_list":["post-54329","post","type-post","status-publish","format-standard","has-post-thumbnail","hentry","category-cuba","category-internacionales","category-politica"],"_links":{"self":[{"href":"https:\/\/2horizontes.com\/index.php?rest_route=\/wp\/v2\/posts\/54329","targetHints":{"allow":["GET"]}}],"collection":[{"href":"https:\/\/2horizontes.com\/index.php?rest_route=\/wp\/v2\/posts"}],"about":[{"href":"https:\/\/2horizontes.com\/index.php?rest_route=\/wp\/v2\/types\/post"}],"author":[{"embeddable":true,"href":"https:\/\/2horizontes.com\/index.php?rest_route=\/wp\/v2\/users\/13240"}],"replies":[{"embeddable":true,"href":"https:\/\/2horizontes.com\/index.php?rest_route=%2Fwp%2Fv2%2Fcomments&post=54329"}],"version-history":[{"count":1,"href":"https:\/\/2horizontes.com\/index.php?rest_route=\/wp\/v2\/posts\/54329\/revisions"}],"predecessor-version":[{"id":54333,"href":"https:\/\/2horizontes.com\/index.php?rest_route=\/wp\/v2\/posts\/54329\/revisions\/54333"}],"wp:featuredmedia":[{"embeddable":true,"href":"https:\/\/2horizontes.com\/index.php?rest_route=\/wp\/v2\/media\/54331"}],"wp:attachment":[{"href":"https:\/\/2horizontes.com\/index.php?rest_route=%2Fwp%2Fv2%2Fmedia&parent=54329"}],"wp:term":[{"taxonomy":"category","embeddable":true,"href":"https:\/\/2horizontes.com\/index.php?rest_route=%2Fwp%2Fv2%2Fcategories&post=54329"},{"taxonomy":"post_tag","embeddable":true,"href":"https:\/\/2horizontes.com\/index.php?rest_route=%2Fwp%2Fv2%2Ftags&post=54329"}],"curies":[{"name":"wp","href":"https:\/\/api.w.org\/{rel}","templated":true}]}}