{"id":54273,"date":"2016-07-22T11:37:52","date_gmt":"2016-07-22T10:37:52","guid":{"rendered":"http:\/\/2horizontes.com\/?p=54273"},"modified":"2016-07-22T11:37:52","modified_gmt":"2016-07-22T10:37:52","slug":"una-joven-de-vic-intenta-tramitar-el-pasaporte-en-catalan-y-acaba-denunciada","status":"publish","type":"post","link":"https:\/\/2horizontes.com\/?p=54273","title":{"rendered":"Una joven de Vic intenta tramitar el pasaporte en catal\u00e1n y acaba denunciada"},"content":{"rendered":"<p>Una joven de Vic que intentaba tramitar el pasaporte en la comisar\u00eda de la Polic\u00eda Nacional de Vic ha sido denunciada por faltar el respeto a un agente de la autoridad. Los hechos sucedieron esta semana cuando Montserrat Puig entr\u00f3 en la comisar\u00eda y, seg\u00fan ha explicado, un agente le exigi\u00f3 que le hablara en castellano.<\/p>\n<p>Ante la negativa, siempre seg\u00fan su relato, la sentaron en una mesa y la hicieron esperar. Al cabo de un rato, un funcionario que no hablaba catal\u00e1n empez\u00f3 a tramitarle el pasaporte. Seg\u00fan la joven, el agente le exigi\u00f3 que le hablara en castellano porque dijo que era originario de Madrid a lo que ella le respondi\u00f3: \u201cSi eres de Madrid, vete en Madrid\u201d. Seg\u00fan Puig, estas palabras de respuesta fueron el motivo de la denuncia.<\/p>\n<p>La denunciada est\u00e1 estudiando interponer una denuncia a la polic\u00eda. Montserrat Puig ha explicado que va a menudo a la comisar\u00eda porque pierde de manera frecuente el carn\u00e9 y nunca antes le hab\u00eda pasado una situaci\u00f3n como esta. \u201cSiempre son muy cordiales, ellos hablan en castellano y yo en catal\u00e1n. Y no pasa nada\u201d, subray\u00f3.<\/p>\n<p>Este mi\u00e9rcoles, una veintena de personas se concentr\u00f3 delante de la comisar\u00eda de la Polic\u00eda Nacional en la capital de Osona para apoyar a la joven y gritaron consignas como \u2018Hablar catal\u00e1n no es ning\u00fan delito\u2019. Puig, que anim\u00f3 a denunciar estos casos, explic\u00f3 que se plantea organizar un acto en la Pla\u00e7a Major de Vic con los partidos pol\u00edticos de la ciudad y con otras personas afectadas por casos como el suyo para evitar que este tipo de manifestaciones queden impunes. \u201cTenemos todo el derecho a vivir en catal\u00e1n\u201d, ha reivindicado.<\/p>\n","protected":false},"excerpt":{"rendered":"<p>Una joven de Vic que intentaba tramitar el pasaporte en la comisar\u00eda de la Polic\u00eda Nacional de Vic ha sido denunciada por faltar el respeto a un agente de la autoridad. Los hechos sucedieron esta semana cuando Montserrat Puig entr\u00f3 en la comisar\u00eda y, seg\u00fan ha explicado, un agente le exigi\u00f3 que le hablara en [&hellip;]<\/p>\n","protected":false},"author":3,"featured_media":54274,"comment_status":"open","ping_status":"open","sticky":false,"template":"","format":"standard","meta":{"footnotes":""},"categories":[85],"tags":[],"class_list":["post-54273","post","type-post","status-publish","format-standard","has-post-thumbnail","hentry","category-espana"],"_links":{"self":[{"href":"https:\/\/2horizontes.com\/index.php?rest_route=\/wp\/v2\/posts\/54273","targetHints":{"allow":["GET"]}}],"collection":[{"href":"https:\/\/2horizontes.com\/index.php?rest_route=\/wp\/v2\/posts"}],"about":[{"href":"https:\/\/2horizontes.com\/index.php?rest_route=\/wp\/v2\/types\/post"}],"author":[{"embeddable":true,"href":"https:\/\/2horizontes.com\/index.php?rest_route=\/wp\/v2\/users\/3"}],"replies":[{"embeddable":true,"href":"https:\/\/2horizontes.com\/index.php?rest_route=%2Fwp%2Fv2%2Fcomments&post=54273"}],"version-history":[{"count":1,"href":"https:\/\/2horizontes.com\/index.php?rest_route=\/wp\/v2\/posts\/54273\/revisions"}],"predecessor-version":[{"id":54275,"href":"https:\/\/2horizontes.com\/index.php?rest_route=\/wp\/v2\/posts\/54273\/revisions\/54275"}],"wp:featuredmedia":[{"embeddable":true,"href":"https:\/\/2horizontes.com\/index.php?rest_route=\/wp\/v2\/media\/54274"}],"wp:attachment":[{"href":"https:\/\/2horizontes.com\/index.php?rest_route=%2Fwp%2Fv2%2Fmedia&parent=54273"}],"wp:term":[{"taxonomy":"category","embeddable":true,"href":"https:\/\/2horizontes.com\/index.php?rest_route=%2Fwp%2Fv2%2Fcategories&post=54273"},{"taxonomy":"post_tag","embeddable":true,"href":"https:\/\/2horizontes.com\/index.php?rest_route=%2Fwp%2Fv2%2Ftags&post=54273"}],"curies":[{"name":"wp","href":"https:\/\/api.w.org\/{rel}","templated":true}]}}