{"id":54246,"date":"2016-07-21T15:50:14","date_gmt":"2016-07-21T14:50:14","guid":{"rendered":"http:\/\/2horizontes.com\/?p=54246"},"modified":"2016-07-21T15:50:14","modified_gmt":"2016-07-21T14:50:14","slug":"la-respuesta-de-juanma-castano-tras-la-polemica-con-manu-carreno","status":"publish","type":"post","link":"https:\/\/2horizontes.com\/?p=54246","title":{"rendered":"La respuesta de Juanma Casta\u00f1o tras la pol\u00e9mica con Manu Carre\u00f1o"},"content":{"rendered":"<p>Manu Carre\u00f1o y Juanma Casta\u00f1o han zanjado la pol\u00e9mica que les envuelve, y lo han hecho en las redes sociales.<\/p>\n<p>Son muchos los medios que han asegurado que desde que Manu Carre\u00f1o fich\u00f3 por la SER, renunciando a copresentar con Casta\u00f1o \u2018El partido de las 12\u2019 en la COPE, la relaci\u00f3n entre ambos no pasa por su mejor momento, sin embargo los dos han querido desmentir esto en sus respectivas cuentas de Twitter.<\/p>\n<p>\u201cSe puede trabajar en la SER y COPE y seguir siendo amigos y compa\u00f1eros en mediaset\u201d, dec\u00eda Carre\u00f1o. \u201cManu Carre\u00f1o jam\u00e1s se comprometi\u00f3 conmigo ni con la Cope absolutamente a nada. Es compa\u00f1ero y amigo\u201d, escrib\u00eda por su parte Juanma Casta\u00f1o.<\/p>\n<p>Sobre lo publicado: @manucarreno jam\u00e1s se comprometi\u00f3 ni conmigo ni con la Cope absolutamente a nada. Manu es compa\u00f1ero y amigo.<\/p>\n<p>\u2014 Juanma Casta\u00f1o (@juanmacastano) 20 de julio de 2016<br \/>\nY lo m\u00e1s importante, lo seguir\u00e1 siendo. Porque con @manucarreno hay un proyecto com\u00fan, con un equipo com\u00fan y con un futuro com\u00fan. Fin. &#x1f61c;<\/p>\n<p>\u2014 Juanma Casta\u00f1o (@juanmacastano) 20 de julio de 2016<\/p>\n","protected":false},"excerpt":{"rendered":"<p>Manu Carre\u00f1o y Juanma Casta\u00f1o han zanjado la pol\u00e9mica que les envuelve, y lo han hecho en las redes sociales. Son muchos los medios que han asegurado que desde que Manu Carre\u00f1o fich\u00f3 por la SER, renunciando a copresentar con Casta\u00f1o \u2018El partido de las 12\u2019 en la COPE, la relaci\u00f3n entre ambos no pasa [&hellip;]<\/p>\n","protected":false},"author":3,"featured_media":54247,"comment_status":"open","ping_status":"open","sticky":false,"template":"","format":"standard","meta":{"footnotes":""},"categories":[42],"tags":[],"class_list":["post-54246","post","type-post","status-publish","format-standard","has-post-thumbnail","hentry","category-deportes"],"_links":{"self":[{"href":"https:\/\/2horizontes.com\/index.php?rest_route=\/wp\/v2\/posts\/54246","targetHints":{"allow":["GET"]}}],"collection":[{"href":"https:\/\/2horizontes.com\/index.php?rest_route=\/wp\/v2\/posts"}],"about":[{"href":"https:\/\/2horizontes.com\/index.php?rest_route=\/wp\/v2\/types\/post"}],"author":[{"embeddable":true,"href":"https:\/\/2horizontes.com\/index.php?rest_route=\/wp\/v2\/users\/3"}],"replies":[{"embeddable":true,"href":"https:\/\/2horizontes.com\/index.php?rest_route=%2Fwp%2Fv2%2Fcomments&post=54246"}],"version-history":[{"count":1,"href":"https:\/\/2horizontes.com\/index.php?rest_route=\/wp\/v2\/posts\/54246\/revisions"}],"predecessor-version":[{"id":54248,"href":"https:\/\/2horizontes.com\/index.php?rest_route=\/wp\/v2\/posts\/54246\/revisions\/54248"}],"wp:featuredmedia":[{"embeddable":true,"href":"https:\/\/2horizontes.com\/index.php?rest_route=\/wp\/v2\/media\/54247"}],"wp:attachment":[{"href":"https:\/\/2horizontes.com\/index.php?rest_route=%2Fwp%2Fv2%2Fmedia&parent=54246"}],"wp:term":[{"taxonomy":"category","embeddable":true,"href":"https:\/\/2horizontes.com\/index.php?rest_route=%2Fwp%2Fv2%2Fcategories&post=54246"},{"taxonomy":"post_tag","embeddable":true,"href":"https:\/\/2horizontes.com\/index.php?rest_route=%2Fwp%2Fv2%2Ftags&post=54246"}],"curies":[{"name":"wp","href":"https:\/\/api.w.org\/{rel}","templated":true}]}}