{"id":54228,"date":"2016-07-21T11:10:33","date_gmt":"2016-07-21T10:10:33","guid":{"rendered":"http:\/\/2horizontes.com\/?p=54228"},"modified":"2016-07-21T11:10:33","modified_gmt":"2016-07-21T10:10:33","slug":"hillary-clinton-abre-cuenta-de-twitter-en-espanol","status":"publish","type":"post","link":"https:\/\/2horizontes.com\/?p=54228","title":{"rendered":"Hillary Clinton abre cuenta de Twitter en espa\u00f1ol"},"content":{"rendered":"<article class=\"clearfix\">\n<div class=\"content-body-text clearfix\">\n<p><strong>EE.UU.<\/strong><\/p>\n<p><strong>(CNN Espa\u00f1ol) &#8211;<\/strong> La\u00a0virtual candidata dem\u00f3crata a la presidencia de Estados Unidos, Hillary Clinton, abri\u00f3 este mi\u00e9rcoles una cuenta en Twitter en espa\u00f1ol en un nuevo esfuerzo para acercarse a los votantes hispanos antes de la Convenci\u00f3n Nacional Dem\u00f3crata la pr\u00f3xima semana y de cara a la elecci\u00f3n general en noviembre.<\/p>\n<div class=\"embed-twitter\">\n<div class=\"SandboxRoot env-bp-350\">\n<div id=\"twitter-widget-0\" class=\"EmbeddedTweet js-clickToOpenTarget\" lang=\"es\">\n<div class=\"EmbeddedTweet-tweet\">\n<blockquote class=\"Tweet h-entry js-tweetIdInfo subject expanded \n<p>                    is-deciderHtmlWhitespace\" cite=\"https:\/\/twitter.com\/Hillary_esp\/status\/755832957521321984\"><\/p>\n<div class=\"Tweet-header u-cf\">\n<div class=\"Tweet-brand u-floatRight\"><span class=\"u-hiddenInNarrowEnv\"><a class=\"FollowButton follow-button profile\" title=\"Seguir a Hillary en espa\u00f1ol en Twitter\" href=\"https:\/\/twitter.com\/Hillary_esp\">Seguir<\/a><\/span><\/div>\n<div class=\"TweetAuthor\"><a class=\"TweetAuthor-link Identity u-linkBlend\" href=\"https:\/\/twitter.com\/Hillary_esp\"><span class=\"TweetAuthor-avatar Identity-avatar\"><img decoding=\"async\" class=\"Avatar\" src=\"https:\/\/pbs.twimg.com\/profile_images\/755807096428462080\/PhfL7SfQ_normal.jpg\" alt=\"\" \/><\/span><span class=\"TweetAuthor-name Identity-name customisable-highlight\" title=\"Hillary en espa\u00f1ol\">Hillary en espa\u00f1ol<\/span> <\/a><\/p>\n<div class=\"Icon Icon--verified \" title=\"Cuenta verificada\"><\/div>\n<p><a class=\"TweetAuthor-link Identity u-linkBlend\" href=\"https:\/\/twitter.com\/Hillary_esp\"><span class=\"TweetAuthor-verifiedBadge\"><b class=\"u-hiddenVisually\">\u2714<\/b><\/span><span class=\"TweetAuthor-screenName Identity-screenName\" dir=\"ltr\" title=\"@Hillary_esp\">@Hillary_esp<\/span><\/a><\/div>\n<\/div>\n<div class=\"Tweet-body e-entry-content\">\n<p class=\"Tweet-text e-entry-title\" dir=\"ltr\" lang=\"es\">Le presentamos \u00a1Hillary en espa\u00f1ol!, una nueva cuenta para compartirles informaci\u00f3n sobre esta campa\u00f1a presidencial.<a class=\"link customisable\" title=\"http:\/\/hrc.io\/2acH5O6\" href=\"https:\/\/t.co\/lBv55XOiox\" target=\"_blank\" rel=\"nofollow\"><span class=\"u-hiddenVisually\">http:\/\/<\/span>hrc.io\/2acH5O6<span class=\"u-hiddenVisually\">\u00a0<\/span><\/a><\/p>\n<div class=\"Tweet-metadata dateline\"><a class=\"u-linkBlend u-url customisable-highlight long-permalink\" href=\"https:\/\/twitter.com\/Hillary_esp\/status\/755832957521321984\">20:33 &#8211; 20 jul 2016<\/a><\/div>\n<ul class=\"Tweet-actions\">\n<li class=\"Tweet-action\">\n<div class=\"Icon Icon--reply TweetAction-icon\" title=\"Responder\"><\/div>\n<\/li>\n<li class=\"Tweet-action\">\n<div class=\"Icon Icon--retweet TweetAction-icon\" title=\"Retwittear\"><\/div>\n<p><a class=\"TweetAction TweetAction--retweet web-intent\" href=\"https:\/\/twitter.com\/intent\/retweet?tweet_id=755832957521321984\"><span class=\"TweetAction-stat\">1.088<\/span><span class=\"u-hiddenVisually\">1.088 Retweets<\/span><\/a><\/li>\n<li class=\"Tweet-action\">\n<div class=\"Icon Icon--heart TweetAction-icon\" title=\"Me gusta\"><\/div>\n<p><a class=\"TweetAction TweetAction--heart web-intent\" href=\"https:\/\/twitter.com\/intent\/like?tweet_id=755832957521321984\"><span class=\"TweetAction-stat\">1.485<\/span><span class=\"u-hiddenVisually\">1.485 me gusta<\/span><\/a><\/li>\n<\/ul>\n<\/div>\n<\/blockquote>\n<\/div>\n<\/div>\n<div class=\"resize-sensor\"><\/div>\n<\/div>\n<\/div>\n<p>En un comunicado, la campa\u00f1a de Clinton dijo que la\u00a0cuenta \u00abtiene como prop\u00f3sito difundir el mensaje de Hillary Clinton de una forma m\u00e1s accesible para todos\u00bb.<\/p>\n<p>\u00abEl espa\u00f1ol es el idioma de m\u00e1s de 40 millones de personas en Estados Unidos y aqu\u00ed en la campa\u00f1a de <em>Hillary for America<\/em>\u00a0creemos que es esencial expandir nuestra comunicaci\u00f3n para lograr la meta de Hillary Clinton de eliminar todos los obst\u00e1culos que limitan el progreso y de crear oportunidades para todos\u00bb, dice la campa\u00f1a.<\/p>\n<p>\u00abDurante el pasado a\u00f1o, hemos visto un lenguaje divisivo, ofensivo y de odio dirigido a muchos de nosotros quienes hablamos espa\u00f1ol y tambi\u00e9n hacia muchos de nosotros que no lo hablan. Nuestras voces no ser\u00e1n silenciadas ya sean en ingl\u00e9s, espa\u00f1ol o en\u00a0cualquier otro idioma. Esta cuenta es un recordatorio que no importa el idioma que hables, los valores que nos unen como seres humanos trascienden las intolerantes ideas sobre quienes somos o c\u00f3mo debemos hablar\u00bb, concluye.<\/p>\n<div class=\"embed-twitter\">\n<div class=\"SandboxRoot env-bp-350\">\n<div id=\"twitter-widget-1\" class=\"EmbeddedTweet EmbeddedTweet--mediaForward media-forward js-clickToOpenTarget js-tweetIdInfo\" lang=\"es\">\n<article class=\"MediaCard\n           MediaCard--mediaForward\n\n           cards-multimedia\n           customisable-border\" dir=\"ltr\"><\/p>\n<div class=\"MediaCard-media\">\n<div class=\"MediaCard-widthConstraint js-cspForcedStyle\">\n<div class=\"MediaCard-mediaContainer js-cspForcedStyle\">\n<div class=\"NaturalImage-ctaOverlay PlayButton PlayButton--centered\"><\/div>\n<p><a class=\"MediaCard-mediaAsset MediaCard-mediaPlaceholder\n                    NaturalImage NaturalImage--fill\n\n                    js-playableMediaInterstitial\" href=\"https:\/\/twitter.com\/Hillary_esp\/status\/755838017017753600\"><img decoding=\"async\" class=\"NaturalImage-image\" src=\"https:\/\/o.twimg.com\/2\/proxy.jpg?t=HBhlaHR0cHM6Ly9hbXAudHdpbWcuY29tL3Byb2QvZGVmYXVsdC8yMDE2LzA3LzIwLzE4LzczOWVhYTA0LTcwNDEtNDNmZC04OTNhLTg0NzIwYzVlNGU2MV9wb3N0ZXItMTAwMC5qcGcUwAcUnAQAFgASAA&amp;s=pL-uJbJk_rdPZwG6jSacPuAc2nnv7kA5QRYcxp3nOfc\" alt=\"\" \/><\/a><\/div>\n<\/div>\n<\/div>\n<\/article>\n<div class=\"EmbeddedTweet-tweet\">\n<blockquote class=\"Tweet h-entry js-tweetIdInfo subject expanded \n<p>                    is-deciderHtmlWhitespace\" cite=\"https:\/\/twitter.com\/Hillary_esp\/status\/755838017017753600\"><\/p>\n<div class=\"Tweet-header u-cf\">\n<div class=\"Tweet-brand u-floatRight\">\n<div class=\"Icon Icon--twitter \" title=\"\"><\/div>\n<p><span class=\"u-hiddenInNarrowEnv\"><a class=\"FollowButton follow-button profile\" title=\"Seguir a Hillary en espa\u00f1ol en Twitter\" href=\"https:\/\/twitter.com\/Hillary_esp\">Seguir<\/a><\/span><\/div>\n<div class=\"TweetAuthor\"><a class=\"TweetAuthor-link Identity u-linkBlend\" href=\"https:\/\/twitter.com\/Hillary_esp\"><span class=\"TweetAuthor-avatar Identity-avatar\"><img decoding=\"async\" class=\"Avatar\" src=\"https:\/\/pbs.twimg.com\/profile_images\/755807096428462080\/PhfL7SfQ_normal.jpg\" alt=\"\" \/><\/span><span class=\"TweetAuthor-name Identity-name customisable-highlight\" title=\"Hillary en espa\u00f1ol\">Hillary en espa\u00f1ol<\/span> <\/a><\/p>\n<div class=\"Icon Icon--verified \" title=\"Cuenta verificada\"><\/div>\n<p><a class=\"TweetAuthor-link Identity u-linkBlend\" href=\"https:\/\/twitter.com\/Hillary_esp\"><span class=\"TweetAuthor-verifiedBadge\"><b class=\"u-hiddenVisually\">\u2714<\/b><\/span><span class=\"TweetAuthor-screenName Identity-screenName\" dir=\"ltr\" title=\"@Hillary_esp\">@Hillary_esp<\/span><\/a><\/div>\n<\/div>\n<div class=\"Tweet-body e-entry-content\">\n<p class=\"Tweet-text e-entry-title\" dir=\"ltr\" lang=\"es\">\u201cDeseo trabajar por ustedes, defenderlos y creo que a este punto la gente sabe que no me doy por vencida\u201d.<\/p>\n<div class=\"Tweet-metadata dateline\"><a class=\"u-linkBlend u-url customisable-highlight long-permalink\" href=\"https:\/\/twitter.com\/Hillary_esp\/status\/755838017017753600\">20:53 &#8211; 20 jul 2016<\/a><\/div>\n<ul class=\"Tweet-actions\">\n<li class=\"Tweet-action\">\n<div class=\"Icon Icon--reply TweetAction-icon\" title=\"Responder\"><\/div>\n<\/li>\n<li class=\"Tweet-action\">\n<div class=\"Icon Icon--retweet TweetAction-icon\" title=\"Retwittear\"><\/div>\n<p><a class=\"TweetAction TweetAction--retweet web-intent\" href=\"https:\/\/twitter.com\/intent\/retweet?tweet_id=755838017017753600\"><span class=\"TweetAction-stat\">480<\/span><span class=\"u-hiddenVisually\">480 Retweets<\/span><\/a><\/li>\n<li class=\"Tweet-action\">\n<div class=\"Icon Icon--heart TweetAction-icon\" title=\"Me gusta\"><\/div>\n<p><a class=\"TweetAction TweetAction--heart web-intent\" href=\"https:\/\/twitter.com\/intent\/like?tweet_id=755838017017753600\"><span class=\"TweetAction-stat\">565<\/span><span class=\"u-hiddenVisually\">565 me gusta<\/span><\/a><\/li>\n<\/ul>\n<\/div>\n<\/blockquote>\n<\/div>\n<\/div>\n<div class=\"resize-sensor\"><\/div>\n<\/div>\n<\/div>\n<p>Este mi\u00e9rcoles, la C\u00e1mara de Comercio Hispana de Estados Unidos anunci\u00f3 su respaldo a Clinton.\u00a0\u00abHillary Clinton ser\u00e1 la primera presidente de la peque\u00f1a empresa americana de los Estados Unidos. Se cri\u00f3 en una peque\u00f1a empresa. Ella entiende los retos de las peque\u00f1as empresas. Y a lo largo de su campa\u00f1a se ha comprometido con nuestra organizaci\u00f3n y nuestros propietarios de negocios en todo el pa\u00eds\u00bb, dijo el presidente del grupo Javier Palomarez a CNN.<\/p>\n<p>Este apoyo llega despu\u00e9s de la segunda noche de la Convenci\u00f3n Nacional Republicana, en el que el tema fue que fue el tema \u00abHacer que Estados Unidos trabaje de Nuevo\u00bb. Pero Palomarez dijo que no escuch\u00f3 ninguno de los oradores discutir el plan de Trump para hacer frente a las preocupaciones de los propietarios de negocios.<\/p>\n<p>Los miembros del grupo se reunieron el martes con el gobernador de Ohio John Kasich, a quien previamente apoyaron en las primarias republicanas. En un evento de la C\u00e1mara Hispana de Comercio a menos de dos kil\u00f3metros de distancia desde el Quicken Loans Arena, donde se celebra la convenci\u00f3n, Kasich expres\u00f3 su decepci\u00f3n por no conseguir a\u00fan m\u00e1s en la carrera republicana.<\/p>\n<p>En junio, la campa\u00f1a lanz\u00f3 un aviso en espa\u00f1ol que fue emitido en Univisi\u00f3n durante la final de la Copa Am\u00e9rica Centenario, en el que critica a Donald Trump por sugerir que EE.UU. deber\u00eda usar una fuerza de deportaci\u00f3n para expulsar a los indocumentados.<\/p>\n<p>&nbsp;<\/p>\n<\/div>\n<section class=\"content-related curated-related-posts clearfix\">\n<div class=\"wrap-related-post clearfix\"><\/div>\n<\/section>\n<\/article>\n<div class=\"clearfix\"><\/div>\n","protected":false},"excerpt":{"rendered":"<p>EE.UU. (CNN Espa\u00f1ol) &#8211; La\u00a0virtual candidata dem\u00f3crata a la presidencia de Estados Unidos, Hillary Clinton, abri\u00f3 este mi\u00e9rcoles una cuenta en Twitter en espa\u00f1ol en un nuevo esfuerzo para acercarse a los votantes hispanos antes de la Convenci\u00f3n Nacional Dem\u00f3crata la pr\u00f3xima semana y de cara a la elecci\u00f3n general en noviembre. Seguir Hillary en [&hellip;]<\/p>\n","protected":false},"author":7,"featured_media":54229,"comment_status":"open","ping_status":"open","sticky":false,"template":"","format":"standard","meta":{"footnotes":""},"categories":[40,43],"tags":[],"class_list":["post-54228","post","type-post","status-publish","format-standard","has-post-thumbnail","hentry","category-internacionales","category-politica"],"_links":{"self":[{"href":"https:\/\/2horizontes.com\/index.php?rest_route=\/wp\/v2\/posts\/54228","targetHints":{"allow":["GET"]}}],"collection":[{"href":"https:\/\/2horizontes.com\/index.php?rest_route=\/wp\/v2\/posts"}],"about":[{"href":"https:\/\/2horizontes.com\/index.php?rest_route=\/wp\/v2\/types\/post"}],"author":[{"embeddable":true,"href":"https:\/\/2horizontes.com\/index.php?rest_route=\/wp\/v2\/users\/7"}],"replies":[{"embeddable":true,"href":"https:\/\/2horizontes.com\/index.php?rest_route=%2Fwp%2Fv2%2Fcomments&post=54228"}],"version-history":[{"count":1,"href":"https:\/\/2horizontes.com\/index.php?rest_route=\/wp\/v2\/posts\/54228\/revisions"}],"predecessor-version":[{"id":54230,"href":"https:\/\/2horizontes.com\/index.php?rest_route=\/wp\/v2\/posts\/54228\/revisions\/54230"}],"wp:featuredmedia":[{"embeddable":true,"href":"https:\/\/2horizontes.com\/index.php?rest_route=\/wp\/v2\/media\/54229"}],"wp:attachment":[{"href":"https:\/\/2horizontes.com\/index.php?rest_route=%2Fwp%2Fv2%2Fmedia&parent=54228"}],"wp:term":[{"taxonomy":"category","embeddable":true,"href":"https:\/\/2horizontes.com\/index.php?rest_route=%2Fwp%2Fv2%2Fcategories&post=54228"},{"taxonomy":"post_tag","embeddable":true,"href":"https:\/\/2horizontes.com\/index.php?rest_route=%2Fwp%2Fv2%2Ftags&post=54228"}],"curies":[{"name":"wp","href":"https:\/\/api.w.org\/{rel}","templated":true}]}}