{"id":54222,"date":"2016-07-21T10:51:50","date_gmt":"2016-07-21T09:51:50","guid":{"rendered":"http:\/\/2horizontes.com\/?p=54222"},"modified":"2016-07-21T10:51:50","modified_gmt":"2016-07-21T09:51:50","slug":"turquia-declara-el-estado-de-emergencia-durante-tres-meses","status":"publish","type":"post","link":"https:\/\/2horizontes.com\/?p=54222","title":{"rendered":"Turqu\u00eda declara el estado de emergencia durante tres meses"},"content":{"rendered":"<div id=\"ArticleAuthorDiv\" class=\"article-body-author\"><b>EFE<\/b><\/div>\n<div id=\"ArticleSourceDiv\" class=\"article-body-author\"><b>Estambul, Turqu\u00eda<\/b><\/div>\n<div id=\"ArticleBody\">\n<p>El Gobierno de Turqu\u00eda decret\u00f3 ayer el estado de emergencia durante tres meses para hacer frente a las corrientes golpistas en el pa\u00eds y combatir \u00abla amenaza a la democracia\u00bb.<\/p>\n<p>La decisi\u00f3n fue anunciada por el presidente turco, Recep Tayyip Erdogan, quien afirm\u00f3 que esta medida busca proteger los valores democr\u00e1ticos.<\/p>\n<p>\u00abEsta medida no es en absoluto contra la democracia, el estado de derecho y la libertad. Por el contrario, tiene el prop\u00f3sito de fortalecer y proteger esos valores\u00bb, dijo el jefe del Estado despu\u00e9s de reunirse con el Consejo Nacional de Seguridad y, horas despu\u00e9s, con el gabinete de ministros.<\/p>\n<p>Erdogan afirm\u00f3 que la medida, recomendada al Gobierno por el Consejo de Seguridad que \u00e9l preside, busca \u00abacelerar encargarse de todos los elementos de la organizaci\u00f3n terrorista\u00bb, en referencia al grupo que encabeza el cl\u00e9rigo islamista Fetullah G\u00fclen, al que el Ejecutivo acusa del fallido golpe de Estado del pasado fin de semana.<\/p>\n<p>El estado de emergencia permitir\u00e1 dar \u00abde forma m\u00e1s eficiente los pasos para eliminar lo antes posible la amenaza a la democracia, el estado de derecho y los derechos de nuestros ciudadanos\u00bb, dijo Erdogan.<\/p>\n<p>El presidente invoc\u00f3 el art\u00edculo 120 de la Constituci\u00f3n turca que permite establecer el estado de emergencia en el caso de actos de violencia que amenacen la democracia.<\/p>\n<p>&nbsp;<\/p>\n<\/div>\n","protected":false},"excerpt":{"rendered":"<p>EFE Estambul, Turqu\u00eda El Gobierno de Turqu\u00eda decret\u00f3 ayer el estado de emergencia durante tres meses para hacer frente a las corrientes golpistas en el pa\u00eds y combatir \u00abla amenaza a la democracia\u00bb. La decisi\u00f3n fue anunciada por el presidente turco, Recep Tayyip Erdogan, quien afirm\u00f3 que esta medida busca proteger los valores democr\u00e1ticos. \u00abEsta [&hellip;]<\/p>\n","protected":false},"author":7,"featured_media":54223,"comment_status":"open","ping_status":"open","sticky":false,"template":"","format":"standard","meta":{"footnotes":""},"categories":[40],"tags":[],"class_list":["post-54222","post","type-post","status-publish","format-standard","has-post-thumbnail","hentry","category-internacionales"],"_links":{"self":[{"href":"https:\/\/2horizontes.com\/index.php?rest_route=\/wp\/v2\/posts\/54222","targetHints":{"allow":["GET"]}}],"collection":[{"href":"https:\/\/2horizontes.com\/index.php?rest_route=\/wp\/v2\/posts"}],"about":[{"href":"https:\/\/2horizontes.com\/index.php?rest_route=\/wp\/v2\/types\/post"}],"author":[{"embeddable":true,"href":"https:\/\/2horizontes.com\/index.php?rest_route=\/wp\/v2\/users\/7"}],"replies":[{"embeddable":true,"href":"https:\/\/2horizontes.com\/index.php?rest_route=%2Fwp%2Fv2%2Fcomments&post=54222"}],"version-history":[{"count":1,"href":"https:\/\/2horizontes.com\/index.php?rest_route=\/wp\/v2\/posts\/54222\/revisions"}],"predecessor-version":[{"id":54224,"href":"https:\/\/2horizontes.com\/index.php?rest_route=\/wp\/v2\/posts\/54222\/revisions\/54224"}],"wp:featuredmedia":[{"embeddable":true,"href":"https:\/\/2horizontes.com\/index.php?rest_route=\/wp\/v2\/media\/54223"}],"wp:attachment":[{"href":"https:\/\/2horizontes.com\/index.php?rest_route=%2Fwp%2Fv2%2Fmedia&parent=54222"}],"wp:term":[{"taxonomy":"category","embeddable":true,"href":"https:\/\/2horizontes.com\/index.php?rest_route=%2Fwp%2Fv2%2Fcategories&post=54222"},{"taxonomy":"post_tag","embeddable":true,"href":"https:\/\/2horizontes.com\/index.php?rest_route=%2Fwp%2Fv2%2Ftags&post=54222"}],"curies":[{"name":"wp","href":"https:\/\/api.w.org\/{rel}","templated":true}]}}