{"id":5422,"date":"2015-05-01T14:35:16","date_gmt":"2015-05-01T13:35:16","guid":{"rendered":"http:\/\/2horizontes.com\/?p=5422"},"modified":"2015-05-01T14:40:36","modified_gmt":"2015-05-01T13:40:36","slug":"una-nina-de-seis-anos-cae-de-un-septimo-piso","status":"publish","type":"post","link":"https:\/\/2horizontes.com\/?p=5422","title":{"rendered":"Una ni\u00f1a de seis a\u00f1os cae de un s\u00e9ptimo piso en Madrid"},"content":{"rendered":"<p>Una ni\u00f1a de seis a\u00f1os y nacionalidad espa\u00f1ola se encuentra en estado muy grave, tras haberse precipitado esta ma\u00f1ana desde un s\u00e9ptimo piso a la calle, en el distrito de Fuencarral-El Pardo, seg\u00fan ha informado una portavoz de Emergencias Madrid. La menor ha recibido un golpe muy fuerte en la cabeza y en el cuerpo.<!--more--><\/p>\n<p>El accidente se ha registrado poco antes de las doce del mediod\u00eda en el n\u00famero 24 de la calle de la Isla de Ons, entre las avenidas de la Ilustraci\u00f3n y del Cardenal Herrera Oria. Seg\u00fan las primeras informaciones, el padre, de nacionalidad rumana, se encontraba en la vivienda sacando unas cajas de la vivienda, cuando la peque\u00f1a ha aprovechado el descuido y se ha subido, supuestamente, a alg\u00fan mueble en el sal\u00f3n, desde el que se ha ca\u00eddo a la calle.<\/p>\n<p>Los facultativos de una UVI m\u00f3vil del SAMUR han apreciado un traumatismo craneoencef\u00e1lico muy grave con otorragia (hemorragia por el o\u00eddo) y un fuerte golpe en el abdomen, entre otras lesiones. Tras estabilizarla y entubarla, la han trasladado al servicio de urgencias del hospital materno-infantil de La Paz con pron\u00f3stico muy grave. Los m\u00e9dicos est\u00e1n a la espera de ver c\u00f3mo evoluciona en las pr\u00f3ximas horas.<\/p>\n<p>El padre ha tenido que ser atendido por los psic\u00f3logos del SAMUR. Agentes del Cuerpo Nacional de Polic\u00eda se han hecho cargo de las investigaciones, ya que hasta el momento se desconocen las causas exactas de c\u00f3mo se ha producido la ca\u00edda.<\/p>\n","protected":false},"excerpt":{"rendered":"<p>Una ni\u00f1a de seis a\u00f1os y nacionalidad espa\u00f1ola se encuentra en estado muy grave, tras haberse precipitado esta ma\u00f1ana desde un s\u00e9ptimo piso a la calle, en el distrito de Fuencarral-El Pardo, seg\u00fan ha informado una portavoz de Emergencias Madrid. La menor ha recibido un golpe muy fuerte en la cabeza y en el cuerpo.<\/p>\n","protected":false},"author":4,"featured_media":5424,"comment_status":"open","ping_status":"open","sticky":false,"template":"","format":"standard","meta":{"footnotes":""},"categories":[85],"tags":[],"class_list":["post-5422","post","type-post","status-publish","format-standard","has-post-thumbnail","hentry","category-espana"],"_links":{"self":[{"href":"https:\/\/2horizontes.com\/index.php?rest_route=\/wp\/v2\/posts\/5422","targetHints":{"allow":["GET"]}}],"collection":[{"href":"https:\/\/2horizontes.com\/index.php?rest_route=\/wp\/v2\/posts"}],"about":[{"href":"https:\/\/2horizontes.com\/index.php?rest_route=\/wp\/v2\/types\/post"}],"author":[{"embeddable":true,"href":"https:\/\/2horizontes.com\/index.php?rest_route=\/wp\/v2\/users\/4"}],"replies":[{"embeddable":true,"href":"https:\/\/2horizontes.com\/index.php?rest_route=%2Fwp%2Fv2%2Fcomments&post=5422"}],"version-history":[{"count":3,"href":"https:\/\/2horizontes.com\/index.php?rest_route=\/wp\/v2\/posts\/5422\/revisions"}],"predecessor-version":[{"id":5426,"href":"https:\/\/2horizontes.com\/index.php?rest_route=\/wp\/v2\/posts\/5422\/revisions\/5426"}],"wp:featuredmedia":[{"embeddable":true,"href":"https:\/\/2horizontes.com\/index.php?rest_route=\/wp\/v2\/media\/5424"}],"wp:attachment":[{"href":"https:\/\/2horizontes.com\/index.php?rest_route=%2Fwp%2Fv2%2Fmedia&parent=5422"}],"wp:term":[{"taxonomy":"category","embeddable":true,"href":"https:\/\/2horizontes.com\/index.php?rest_route=%2Fwp%2Fv2%2Fcategories&post=5422"},{"taxonomy":"post_tag","embeddable":true,"href":"https:\/\/2horizontes.com\/index.php?rest_route=%2Fwp%2Fv2%2Ftags&post=5422"}],"curies":[{"name":"wp","href":"https:\/\/api.w.org\/{rel}","templated":true}]}}