{"id":54216,"date":"2016-07-21T10:39:07","date_gmt":"2016-07-21T09:39:07","guid":{"rendered":"http:\/\/2horizontes.com\/?p=54216"},"modified":"2016-07-21T10:39:07","modified_gmt":"2016-07-21T09:39:07","slug":"presidente-interino-de-haiti-firma-decreto-que-convoca-nuevas-elecciones-el-9-de-octubre","status":"publish","type":"post","link":"https:\/\/2horizontes.com\/?p=54216","title":{"rendered":"Presidente interino de Hait\u00ed firma decreto que convoca nuevas elecciones el 9 de octubre"},"content":{"rendered":"<div id=\"ArticleAuthorDiv\" class=\"article-body-author\"><b>EFE<\/b><\/div>\n<div id=\"ArticleSourceDiv\" class=\"article-body-author\"><b>Puerto Pr\u00edncipe<\/b><\/div>\n<div id=\"ArticleBody\">\n<p>El presidente interino de Hait\u00ed, Jocelerme Privert, firm\u00f3 ayer el decreto que convoca a nuevas elecciones el pr\u00f3ximo 9 de octubre, tras la invalidaci\u00f3n de los comicios del octubre de 2015 por supuestas irregularidades.<\/p>\n<p>En tanto, en un mensaje la noche del martes a la naci\u00f3n, el presidente declar\u00f3 que \u00bb las elecciones son vitales para el futuro del pa\u00eds\u00bb.<\/p>\n<p>\u00abEstamos en plena crisis y tenemos que tomar nuestra responsabilidad como hombre de Estado\u00bb, apunt\u00f3 Privert, cuyo mandato concluy\u00f3 oficialmente el pasado 14 de junio, pero contin\u00faa en el cargo debido a que el Congreso Nacional ha fracasado en las tres convocatorias realizadas para decidir sobre su futuro.<\/p>\n<p>Privert, quien antes de asumir el cargo el pasado 15 de febrero se desempe\u00f1aba como presidente del Senado, se\u00f1al\u00f3 que \u00absin las elecciones de octubre el Parlamento no va a poder funcionar el pr\u00f3ximo a\u00f1o. Hay 10 senadores que terminan sus mandatos este fin de a\u00f1o y sin ellos no vamos a tener un Parlamento\u00bb.<\/p>\n<p>El gobernante interino acus\u00f3 al Parlamento de \u00abbloquear\u00bb la mayor\u00eda de los proyectos y de no querer resolver la crisis pol\u00edtica del pa\u00eds.<\/p>\n<p>\u00abEl pueblo est\u00e1 sufriendo pero ellos no tienen prisa para mejorar la situaci\u00f3n de la gente\u00bb, asever\u00f3.<\/p>\n<p>Por otro lado, Privert dijo que el pa\u00eds pagar\u00e1 los 55 millones de d\u00f3lares que se requieren para los comicios, que, seg\u00fan afirm\u00f3, ser\u00e1n honestos y democr\u00e1ticos.<\/p>\n<p>\u00abLlamo a todos y todas a participar en las elecciones para la continuaci\u00f3n de la democracia en Hait\u00ed\u00bb, concluy\u00f3.<\/p>\n<p>Las elecciones del a\u00f1o pasado invalidadas tuvieron un costo de 100 millones de d\u00f3lares y la mayor\u00eda fue financiada por la comunidad internacional.<\/p>\n<p>Desde la creaci\u00f3n de una comisi\u00f3n de verificaci\u00f3n electoral, que recomend\u00f3 realizar otra vez las elecciones presidenciales, muchos pa\u00edses donantes expresaron al Ejecutivo provisional haitiano que no ayudar\u00e1n en la financiaci\u00f3n de nuevos comicios.<\/p>\n<\/div>\n","protected":false},"excerpt":{"rendered":"<p>EFE Puerto Pr\u00edncipe El presidente interino de Hait\u00ed, Jocelerme Privert, firm\u00f3 ayer el decreto que convoca a nuevas elecciones el pr\u00f3ximo 9 de octubre, tras la invalidaci\u00f3n de los comicios del octubre de 2015 por supuestas irregularidades. En tanto, en un mensaje la noche del martes a la naci\u00f3n, el presidente declar\u00f3 que \u00bb las [&hellip;]<\/p>\n","protected":false},"author":7,"featured_media":54217,"comment_status":"open","ping_status":"open","sticky":false,"template":"","format":"standard","meta":{"footnotes":""},"categories":[47,40,43],"tags":[],"class_list":["post-54216","post","type-post","status-publish","format-standard","has-post-thumbnail","hentry","category-haiti","category-internacionales","category-politica"],"_links":{"self":[{"href":"https:\/\/2horizontes.com\/index.php?rest_route=\/wp\/v2\/posts\/54216","targetHints":{"allow":["GET"]}}],"collection":[{"href":"https:\/\/2horizontes.com\/index.php?rest_route=\/wp\/v2\/posts"}],"about":[{"href":"https:\/\/2horizontes.com\/index.php?rest_route=\/wp\/v2\/types\/post"}],"author":[{"embeddable":true,"href":"https:\/\/2horizontes.com\/index.php?rest_route=\/wp\/v2\/users\/7"}],"replies":[{"embeddable":true,"href":"https:\/\/2horizontes.com\/index.php?rest_route=%2Fwp%2Fv2%2Fcomments&post=54216"}],"version-history":[{"count":1,"href":"https:\/\/2horizontes.com\/index.php?rest_route=\/wp\/v2\/posts\/54216\/revisions"}],"predecessor-version":[{"id":54218,"href":"https:\/\/2horizontes.com\/index.php?rest_route=\/wp\/v2\/posts\/54216\/revisions\/54218"}],"wp:featuredmedia":[{"embeddable":true,"href":"https:\/\/2horizontes.com\/index.php?rest_route=\/wp\/v2\/media\/54217"}],"wp:attachment":[{"href":"https:\/\/2horizontes.com\/index.php?rest_route=%2Fwp%2Fv2%2Fmedia&parent=54216"}],"wp:term":[{"taxonomy":"category","embeddable":true,"href":"https:\/\/2horizontes.com\/index.php?rest_route=%2Fwp%2Fv2%2Fcategories&post=54216"},{"taxonomy":"post_tag","embeddable":true,"href":"https:\/\/2horizontes.com\/index.php?rest_route=%2Fwp%2Fv2%2Ftags&post=54216"}],"curies":[{"name":"wp","href":"https:\/\/api.w.org\/{rel}","templated":true}]}}