{"id":54126,"date":"2016-07-19T17:36:36","date_gmt":"2016-07-19T16:36:36","guid":{"rendered":"http:\/\/2horizontes.com\/?p=54126"},"modified":"2016-07-19T17:36:36","modified_gmt":"2016-07-19T16:36:36","slug":"un-juez-bloquea-por-tercera-vez-whatsapp-en-todo-brasil","status":"publish","type":"post","link":"https:\/\/2horizontes.com\/?p=54126","title":{"rendered":"Un juez bloquea por tercera vez Whatsapp en todo Brasil"},"content":{"rendered":"<div class=\"detalle-texto\">\n<div class=\"text\">\n<p>R\u00cdO DE JANEIRO. Un juez de R\u00edo de Janeiro, ciudad que acoger\u00e1 los Juegos Ol\u00edmpicos en agosto, orden\u00f3 hoy el bloqueo de WhatsApp en todo Brasil, con lo que la aplicaci\u00f3n de intercambio de mensajes de texto y de voz fue silenciada por tercera vez en ocho meses en el pa\u00eds por decisi\u00f3n judicial.<\/p>\n<p>La orden del tribunal fue comunicada a todas las operadoras brasile\u00f1as de telecomunicaciones en la ma\u00f1ana de este martes y comenz\u00f3 a regir hacia las 11.30 hora local (14.30 GMT) por tiempo indeterminado, inform\u00f3 la Agencia Nacional de Telecomunicaciones (Anatel, regulador).<\/p>\n<p>La decisi\u00f3n fue proferida por la jueza de fiscalizaci\u00f3n de la Sala de Ejecuciones Penales de R\u00edo de Janeiro, Daniela Barbosa Assun\u00e7\u00e3o de Souza, ante la negativa de Facebook, controlador de Whatsapp, de levantar el sigilo de personas que son investigadas por diferentes cr\u00edmenes.<\/p>\n<p>La magistrada tambi\u00e9n determin\u00f3 la imposici\u00f3n de una multa de 50.000 reales (unos 15.150 d\u00f3lares) por cada d\u00eda en que Facebook atrase la entrega de las informaciones solicitadas.<\/p>\n<p>Seg\u00fan la jueza, Facebook se neg\u00f3 a atender una orden judicial tras ser notificado en tres oportunidades para que entregara a la Justicia copia de los mensajes intercambiados por personas que son objeto de una investigaci\u00f3n bajo secreto.<\/p>\n<p>La magistrada agreg\u00f3 que Facebook se limit\u00f3 a informar que no archiva ni copia los mensajes de los usuarios de WhatsApp.<\/p>\n<p>De Souza aleg\u00f3 que el servicio de intercambio de mensajes amenaza la seguridad debido a que los criminales ya no usan el tel\u00e9fono para comunicarse sino Whatsapp, con la garant\u00eda de que la Justicia no tendr\u00e1 acceso a sus comunicaciones.<\/p>\n<p>En las dos ocasiones anteriores en que fue bloqueado por orden de un juez de primera instancia en Brasil, la aplicaci\u00f3n igualmente fue acusada de negarse a obedecer \u00f3rdenes judiciales para ofrecer informaciones sobre el contenido de conversaciones de sus usuarios.<\/p>\n<p>La aplicaci\u00f3n fue bloqueada por primera vez en diciembre del a\u00f1o pasado por orden de un juez penal de la ciudad de Sao Bernardo do Campo y solo volvi\u00f3 a operar 12 horas despu\u00e9s por determinaci\u00f3n de un tribunal de segunda instancia.<\/p>\n<p>En mayo pasado, el bloqueo fue ordenado por un juez de Lagarto, una ciudad en el interior del estado de Piau\u00ed, y la determinaci\u00f3n igualmente fue suspendida 24 horas despu\u00e9s por un tribunal de apelaciones.<\/p>\n<p>En las dos ocasiones la Anatel consider\u00f3 las decisiones judiciales desproporcionadas por sancionar a los 100 millones de brasile\u00f1os que usan el servicio.<\/p>\n<\/div>\n<\/div>\n","protected":false},"excerpt":{"rendered":"<p>R\u00cdO DE JANEIRO. Un juez de R\u00edo de Janeiro, ciudad que acoger\u00e1 los Juegos Ol\u00edmpicos en agosto, orden\u00f3 hoy el bloqueo de WhatsApp en todo Brasil, con lo que la aplicaci\u00f3n de intercambio de mensajes de texto y de voz fue silenciada por tercera vez en ocho meses en el pa\u00eds por decisi\u00f3n judicial. La [&hellip;]<\/p>\n","protected":false},"author":13240,"featured_media":54127,"comment_status":"open","ping_status":"open","sticky":false,"template":"","format":"standard","meta":{"footnotes":""},"categories":[40,43,88],"tags":[],"class_list":["post-54126","post","type-post","status-publish","format-standard","has-post-thumbnail","hentry","category-internacionales","category-politica","category-tecnologia"],"_links":{"self":[{"href":"https:\/\/2horizontes.com\/index.php?rest_route=\/wp\/v2\/posts\/54126","targetHints":{"allow":["GET"]}}],"collection":[{"href":"https:\/\/2horizontes.com\/index.php?rest_route=\/wp\/v2\/posts"}],"about":[{"href":"https:\/\/2horizontes.com\/index.php?rest_route=\/wp\/v2\/types\/post"}],"author":[{"embeddable":true,"href":"https:\/\/2horizontes.com\/index.php?rest_route=\/wp\/v2\/users\/13240"}],"replies":[{"embeddable":true,"href":"https:\/\/2horizontes.com\/index.php?rest_route=%2Fwp%2Fv2%2Fcomments&post=54126"}],"version-history":[{"count":2,"href":"https:\/\/2horizontes.com\/index.php?rest_route=\/wp\/v2\/posts\/54126\/revisions"}],"predecessor-version":[{"id":54130,"href":"https:\/\/2horizontes.com\/index.php?rest_route=\/wp\/v2\/posts\/54126\/revisions\/54130"}],"wp:featuredmedia":[{"embeddable":true,"href":"https:\/\/2horizontes.com\/index.php?rest_route=\/wp\/v2\/media\/54127"}],"wp:attachment":[{"href":"https:\/\/2horizontes.com\/index.php?rest_route=%2Fwp%2Fv2%2Fmedia&parent=54126"}],"wp:term":[{"taxonomy":"category","embeddable":true,"href":"https:\/\/2horizontes.com\/index.php?rest_route=%2Fwp%2Fv2%2Fcategories&post=54126"},{"taxonomy":"post_tag","embeddable":true,"href":"https:\/\/2horizontes.com\/index.php?rest_route=%2Fwp%2Fv2%2Ftags&post=54126"}],"curies":[{"name":"wp","href":"https:\/\/api.w.org\/{rel}","templated":true}]}}