{"id":54106,"date":"2016-07-19T17:15:35","date_gmt":"2016-07-19T16:15:35","guid":{"rendered":"http:\/\/2horizontes.com\/?p=54106"},"modified":"2016-07-19T17:15:35","modified_gmt":"2016-07-19T16:15:35","slug":"arrestados-dos-socios-de-una-entidad-cannabica-de-la-seu-durgell-por-vender-marihuana","status":"publish","type":"post","link":"https:\/\/2horizontes.com\/?p=54106","title":{"rendered":"Arrestados dos socios de una entidad cann\u00e1bica de la Seu d&#8217;Urgell por vender marihuana"},"content":{"rendered":"<p>Los Mossos d&#8217;Esquadra han detenido a dos personas en La Seu d&#8217;Urgell acusadas de vender marihuana al por menor a consumidores de la comarca y de Andorra desde una asociaci\u00f3n cann\u00e1bica del municipio.<\/p>\n<p>Seg\u00fan ha informado hoy la polic\u00eda auton\u00f3mica, la detenci\u00f3n tuvo lugar el pasado 15 de julio despu\u00e9s de que los Mossos y la Polic\u00eda Local de La Seu efectuaran una inspecci\u00f3n en la asociaci\u00f3n, situada en la calle Guillem Graell.<\/p>\n<p>En el transcurso de la actuaci\u00f3n se decomisaron un total de 813 gramos de marihuana de diferentes tipos y en diferentes formatos, balanzas de precisi\u00f3n, dos defensas extensibles, una defensa el\u00e9ctrica, adem\u00e1s de dinero, documentaci\u00f3n y material inform\u00e1tico.<\/p>\n<p>Los polic\u00edas en ese momento detuvieron a un hombre responsable de la entidad y a una trabajadora de la misma, de 35 y 23 a\u00f1os respectivamente, de nacionalidad espa\u00f1ola y vecinos de La Seu, como presuntos autores de un delito contra la salud p\u00fablica.<\/p>\n<p>Paralelamente, la Polic\u00eda Local instruy\u00f3 diligencias por un delito de desobediencia grave, dado que la asociaci\u00f3n no ten\u00eda licencia municipal para realizar la actividad y hab\u00eda hecho caso omiso de diferentes \u00f3rdenes de cierre que se hab\u00edan dictado al respecto.<\/p>\n<p>La actuaci\u00f3n policial se llev\u00f3 a cabo despu\u00e9s de una serie de vigilancias que mossos de paisano hicieron al local para determinar qu\u00e9 tipo de actividad llevaba a cabo.<\/p>\n<p>Durante las vigilancias, los agentes interceptaron a varias personas que hab\u00edan ido a la asociaci\u00f3n \u00fanicamente a comprar marihuana, y muchas de ellas ni siquiera estaban inscritas como socias de la entidad.<\/p>\n<p>Todo apuntaba a que el establecimiento funcionaba de manera encubierta como local de distribuci\u00f3n y venta de marihuana al por menor, y al lugar acud\u00edan consumidores de la comarca y tambi\u00e9n de Andorra para comprar directamente la droga.<\/p>\n<p>El local de la asociaci\u00f3n cann\u00e1bica ha quedado precintado y no se descartan nuevas detenciones.<\/p>\n<p>Los detenidos pasaron pasado el s\u00e1bado 16 de julio a disposici\u00f3n del juzgado de instrucci\u00f3n en funciones de guardia de La Seu.<\/p>\n","protected":false},"excerpt":{"rendered":"<p>Los Mossos d&#8217;Esquadra han detenido a dos personas en La Seu d&#8217;Urgell acusadas de vender marihuana al por menor a consumidores de la comarca y de Andorra desde una asociaci\u00f3n cann\u00e1bica del municipio. Seg\u00fan ha informado hoy la polic\u00eda auton\u00f3mica, la detenci\u00f3n tuvo lugar el pasado 15 de julio despu\u00e9s de que los Mossos y [&hellip;]<\/p>\n","protected":false},"author":3,"featured_media":54108,"comment_status":"open","ping_status":"open","sticky":false,"template":"","format":"standard","meta":{"footnotes":""},"categories":[85],"tags":[],"class_list":["post-54106","post","type-post","status-publish","format-standard","has-post-thumbnail","hentry","category-espana"],"_links":{"self":[{"href":"https:\/\/2horizontes.com\/index.php?rest_route=\/wp\/v2\/posts\/54106","targetHints":{"allow":["GET"]}}],"collection":[{"href":"https:\/\/2horizontes.com\/index.php?rest_route=\/wp\/v2\/posts"}],"about":[{"href":"https:\/\/2horizontes.com\/index.php?rest_route=\/wp\/v2\/types\/post"}],"author":[{"embeddable":true,"href":"https:\/\/2horizontes.com\/index.php?rest_route=\/wp\/v2\/users\/3"}],"replies":[{"embeddable":true,"href":"https:\/\/2horizontes.com\/index.php?rest_route=%2Fwp%2Fv2%2Fcomments&post=54106"}],"version-history":[{"count":1,"href":"https:\/\/2horizontes.com\/index.php?rest_route=\/wp\/v2\/posts\/54106\/revisions"}],"predecessor-version":[{"id":54109,"href":"https:\/\/2horizontes.com\/index.php?rest_route=\/wp\/v2\/posts\/54106\/revisions\/54109"}],"wp:featuredmedia":[{"embeddable":true,"href":"https:\/\/2horizontes.com\/index.php?rest_route=\/wp\/v2\/media\/54108"}],"wp:attachment":[{"href":"https:\/\/2horizontes.com\/index.php?rest_route=%2Fwp%2Fv2%2Fmedia&parent=54106"}],"wp:term":[{"taxonomy":"category","embeddable":true,"href":"https:\/\/2horizontes.com\/index.php?rest_route=%2Fwp%2Fv2%2Fcategories&post=54106"},{"taxonomy":"post_tag","embeddable":true,"href":"https:\/\/2horizontes.com\/index.php?rest_route=%2Fwp%2Fv2%2Ftags&post=54106"}],"curies":[{"name":"wp","href":"https:\/\/api.w.org\/{rel}","templated":true}]}}