{"id":54082,"date":"2016-07-19T11:24:53","date_gmt":"2016-07-19T10:24:53","guid":{"rendered":"http:\/\/2horizontes.com\/?p=54082"},"modified":"2016-07-19T11:24:53","modified_gmt":"2016-07-19T10:24:53","slug":"fallece-una-menor-de-15-anos-de-sabadell-al-caer-por-un-barranco","status":"publish","type":"post","link":"https:\/\/2horizontes.com\/?p=54082","title":{"rendered":"Fallece una menor de 15 a\u00f1os de Sabadell al caer por un barranco"},"content":{"rendered":"<p>Una joven de 15 a\u00f1os residente en Sabadell ha muerto esta madrugada en un accidente sucedido cerca del Ca\u00f1\u00f3n de A\u00f1isclo, en el parque de Ordesa (Huesca). La menor estaba acampada con el \u2018esplai\u2019 al que pertenec\u00eda en el momento en el que han ocurrido los hechos, seg\u00fan informa 324. La joven era miembro del Grup Escolta Xaloc de Sabadell.<\/p>\n<p>La v\u00edctima se ha precipitado accidentalmente por un barranco ubicado en el valle de Vi\u00f3 hacia las 23 horas de la pasada noche. Como consecuencia de la ca\u00edda, se ha fracturado los f\u00e9mures y ha sufrido un shock traum\u00e1tico. Pero hasta las tres de la madrugada la monitora no ha conseguido contactar con la Guardia Civil ya que en el lugar del accidente no hab\u00eda cobertura. No obstante, los servicios de emergencia no han podido acceder a esta zona del parque de Ordesa y se ha recomendado a la accidentada, que continuaba todav\u00eda con vida, que comiera y descansara un poco.<\/p>\n<p>Hacia las 6.45 horas un helic\u00f3ptero ha despegado desde Benasque hasta el sitio en el que se encontraba el grupo y la v\u00edctima, pero cuando ha llegado s\u00f3lo ha podido confirmar el fallecimiento de la menor, seg\u00fan han explicado fuentes del Gobierno de Arag\u00f3n. El resto de sus compa\u00f1eros han sido evacuados en helic\u00f3ptero.<\/p>\n","protected":false},"excerpt":{"rendered":"<p>Una joven de 15 a\u00f1os residente en Sabadell ha muerto esta madrugada en un accidente sucedido cerca del Ca\u00f1\u00f3n de A\u00f1isclo, en el parque de Ordesa (Huesca). La menor estaba acampada con el \u2018esplai\u2019 al que pertenec\u00eda en el momento en el que han ocurrido los hechos, seg\u00fan informa 324. La joven era miembro del [&hellip;]<\/p>\n","protected":false},"author":3,"featured_media":54083,"comment_status":"open","ping_status":"open","sticky":false,"template":"","format":"standard","meta":{"footnotes":""},"categories":[85],"tags":[],"class_list":["post-54082","post","type-post","status-publish","format-standard","has-post-thumbnail","hentry","category-espana"],"_links":{"self":[{"href":"https:\/\/2horizontes.com\/index.php?rest_route=\/wp\/v2\/posts\/54082","targetHints":{"allow":["GET"]}}],"collection":[{"href":"https:\/\/2horizontes.com\/index.php?rest_route=\/wp\/v2\/posts"}],"about":[{"href":"https:\/\/2horizontes.com\/index.php?rest_route=\/wp\/v2\/types\/post"}],"author":[{"embeddable":true,"href":"https:\/\/2horizontes.com\/index.php?rest_route=\/wp\/v2\/users\/3"}],"replies":[{"embeddable":true,"href":"https:\/\/2horizontes.com\/index.php?rest_route=%2Fwp%2Fv2%2Fcomments&post=54082"}],"version-history":[{"count":1,"href":"https:\/\/2horizontes.com\/index.php?rest_route=\/wp\/v2\/posts\/54082\/revisions"}],"predecessor-version":[{"id":54084,"href":"https:\/\/2horizontes.com\/index.php?rest_route=\/wp\/v2\/posts\/54082\/revisions\/54084"}],"wp:featuredmedia":[{"embeddable":true,"href":"https:\/\/2horizontes.com\/index.php?rest_route=\/wp\/v2\/media\/54083"}],"wp:attachment":[{"href":"https:\/\/2horizontes.com\/index.php?rest_route=%2Fwp%2Fv2%2Fmedia&parent=54082"}],"wp:term":[{"taxonomy":"category","embeddable":true,"href":"https:\/\/2horizontes.com\/index.php?rest_route=%2Fwp%2Fv2%2Fcategories&post=54082"},{"taxonomy":"post_tag","embeddable":true,"href":"https:\/\/2horizontes.com\/index.php?rest_route=%2Fwp%2Fv2%2Ftags&post=54082"}],"curies":[{"name":"wp","href":"https:\/\/api.w.org\/{rel}","templated":true}]}}