{"id":54072,"date":"2016-07-19T07:44:03","date_gmt":"2016-07-19T06:44:03","guid":{"rendered":"http:\/\/2horizontes.com\/?p=54072"},"modified":"2016-07-19T07:44:03","modified_gmt":"2016-07-19T06:44:03","slug":"primer-ano-de-restablecimiento-diplomatico-con-eeuu-no-mejora-economia-cubana","status":"publish","type":"post","link":"https:\/\/2horizontes.com\/?p=54072","title":{"rendered":"Primer a\u00f1o de restablecimiento diplom\u00e1tico con EEUU no mejora econom\u00eda cubana"},"content":{"rendered":"<div id=\"ArticleAuthorDiv\" class=\"article-body-author\"><b>Yeny Garc\u00eda | EFE<\/b><\/div>\n<div id=\"ArticleSourceDiv\" class=\"article-body-author\"><b>La Habana<\/b><\/div>\n<div id=\"ArticleBody\">\n<p>El restablecimiento diplom\u00e1tico entre Cuba y EEUU cumplir\u00e1 esta semana su primer aniversario con un di\u00e1logo bilateral fluido, aunque en medio de una delicada coyuntura econ\u00f3mica en la isla, cuyos ciudadanos siguen esperando tras el deshielo mejoras tangibles en su complicado d\u00eda a d\u00eda.<\/p>\n<p>La reapertura de embajadas en La Habana y Washington, el 20 de julio de 2015 marc\u00f3 un hito fundamental en la historia de los antiguos enemigos e impuls\u00f3 \u00abun proceso de construcci\u00f3n de confiabilidad que avanza\u00bb, se\u00f1al\u00f3 a Efe el analista y exdiplom\u00e1tico cubano Carlos Alzugaray.<\/p>\n<p>En su opini\u00f3n, uno de los principales avances en la compleja etapa de \u00abnormalizaci\u00f3n\u00bb de relaciones que se inici\u00f3 tras el restablecimiento diplom\u00e1tico es \u00abel di\u00e1logo cada vez m\u00e1s intenso y m\u00e1s constructivo entre ambos gobiernos\u00bb.<\/p>\n<p>Un a\u00f1o despu\u00e9s de la reapertura de embajadas, la isla y su poderoso vecino han logrado consolidar un fluido contacto intergubernamental cuyos principales frutos han sido el acuerdo para el retorno de los vuelos regulares a la mayor de las Antillas, que comenzar\u00e1n el pr\u00f3ximo oto\u00f1o, o el restablecimiento del servicio postal directo.<\/p>\n<p>El deshielo ha propiciado tambi\u00e9n los primeros convenios empresariales en materia de telecomunicaciones para \u00abroaming\u00bb de tr\u00e1fico de voz, el inicio de cruceros regulares desde EEUU, e incluso el desembarco de una empresa norteamericana en el sector tur\u00edstico, en concreto, la cadena \u00abStarwood\u00bb, que ya ha comenzado a gestionar un hotel en La Habana en asociaci\u00f3n con la empresa estatal cubana Gaviota.<\/p>\n<p>Ese proceso de \u00abnormalizaci\u00f3n\u00bb no est\u00e1 exento, sin embargo, de grandes escollos como el embargo a la isla, que sigue vigente, el reclamo de Cuba sobre la devoluci\u00f3n de los terrenos que ocupa la Base Naval de Guant\u00e1namo o las diferencias sobre derechos humanos y libertades.<\/p>\n<p>Uno de los hitos hist\u00f3ricos del primer a\u00f1o de reapertura de embajadas fue la visita, el pasado marzo, del presidente de EEUU, Barack Obama, a la isla, que sirvi\u00f3 para apuntalar la nueva era de relaciones y que el mandatario norteamericano aprovech\u00f3 para apostar por el futuro, la reconciliaci\u00f3n y la apertura.<\/p>\n<p>A pesar de las expectativas que gener\u00f3 la reconciliaci\u00f3n con EEUU, Cuba llega al primer aniversario de la reapertura de embajadas en medio de una situaci\u00f3n econ\u00f3mica adversa provocada, entre otros factores, por la crisis en Venezuela, su principal aliado, que ha disminuido el suministro de petr\u00f3leo a la isla.<\/p>\n<p>Con un modesto crecimiento del 1 por ciento en los primeros seis meses del a\u00f1o (la mitad de lo previsto), el presidente Ra\u00fal Castro ha anunciado medidas de ajuste que pasan por el ahorro, la reducci\u00f3n del gasto y restricciones energ\u00e9ticas, con la promesa de que \u00e9stas no afectar\u00e1n a la poblaci\u00f3n.<\/p>\n<p>Analistas como Alzugaray consideran que esta coyuntura puede contribuir a acelerar los procesos de di\u00e1logo y apertura con Estados Unidos.<\/p>\n<p>Y en la calle, la mayor\u00eda de los cubanos de a pie coinciden en que el restablecimiento de relaciones ha sido \u00abun acontecimiento trascendental\u00bb, aunque tambi\u00e9n advierten de que a\u00fan no perciben cambios en la vida diaria del pa\u00eds.<\/p>\n<p>\u00abLo que he visto es un cambio en la actitud de las personas\u00bb, admite David, un tatuador de 41 a\u00f1os, quien adem\u00e1s a\u00f1ade que los \u00abcambios verdaderamente sustanciales est\u00e1n por ver\u00bb.<\/p>\n<p>M\u00e1s tajante, Marta, una habanera de 59 a\u00f1os que custodia un museo de La Habana Vieja, dice que \u00abno se ha visto ning\u00fan cambio\u00bb, mientras que Yosmer, un jefe de obra de 28 a\u00f1os, tiene la esperanza de que la nueva etapa flexibilice los tr\u00e1mites para viajar a EEUU, algo \u00abque desea todo cubano\u00bb.<\/p>\n<p>Quienes ya han comenzado a llegar en mayor n\u00famero a Cuba son los estadounidenses desde que Obama autorizara en marzo pasado los viajes educativos individuales, lo cual, junto a la llegada de cruceros norteamericanos, ha provocado que la cifra de viajeros de EE.UU creciera un 83,9 por ciento en el primer semestre de 2016.<\/p>\n<p>\u00abEstamos muy entusiasmados con esta apertura, ha sido un largo, largo tiempo, y la mayor\u00eda de los estadounidenses est\u00e1n emocionados porque esto est\u00e9 pasando, (&#8230;) y que puedan existir, no s\u00f3lo intercambios econ\u00f3micos, sino culturales, entre Cuba y EE.UU\u00bb, dijo a Efe, Brian, un profesor de Portland de visita en La Habana.<\/p>\n<p>\u00abEstoy m\u00e1s que feliz por esta nueva relaci\u00f3n, he estado queriendo venir a Cuba por mucho, mucho tiempo\u00bb, asegur\u00f3 por su parte, Felicia, otra maestra norteamericana, que s\u00f3lo lamenta que en su pa\u00eds hayan \u00abestado privados de esto por tanto tiempo, porque muchos otros estadounidenses disfrutar\u00edan venir aqu\u00ed\u00bb.<\/p>\n<p>Para los estadounidenses sin embargo est\u00e1 prohibido a\u00fan viajar a Cuba como turistas por lo que, seg\u00fan Alzugaray, uno de los pr\u00f3ximos pasos de Washington respecto a Cuba deber\u00eda ser levantar esa restricci\u00f3n.<\/p>\n<\/div>\n","protected":false},"excerpt":{"rendered":"<p>Yeny Garc\u00eda | EFE La Habana El restablecimiento diplom\u00e1tico entre Cuba y EEUU cumplir\u00e1 esta semana su primer aniversario con un di\u00e1logo bilateral fluido, aunque en medio de una delicada coyuntura econ\u00f3mica en la isla, cuyos ciudadanos siguen esperando tras el deshielo mejoras tangibles en su complicado d\u00eda a d\u00eda. La reapertura de embajadas en [&hellip;]<\/p>\n","protected":false},"author":7,"featured_media":54073,"comment_status":"open","ping_status":"open","sticky":false,"template":"","format":"standard","meta":{"footnotes":""},"categories":[49,63,40],"tags":[],"class_list":["post-54072","post","type-post","status-publish","format-standard","has-post-thumbnail","hentry","category-cuba","category-economia","category-internacionales"],"_links":{"self":[{"href":"https:\/\/2horizontes.com\/index.php?rest_route=\/wp\/v2\/posts\/54072","targetHints":{"allow":["GET"]}}],"collection":[{"href":"https:\/\/2horizontes.com\/index.php?rest_route=\/wp\/v2\/posts"}],"about":[{"href":"https:\/\/2horizontes.com\/index.php?rest_route=\/wp\/v2\/types\/post"}],"author":[{"embeddable":true,"href":"https:\/\/2horizontes.com\/index.php?rest_route=\/wp\/v2\/users\/7"}],"replies":[{"embeddable":true,"href":"https:\/\/2horizontes.com\/index.php?rest_route=%2Fwp%2Fv2%2Fcomments&post=54072"}],"version-history":[{"count":1,"href":"https:\/\/2horizontes.com\/index.php?rest_route=\/wp\/v2\/posts\/54072\/revisions"}],"predecessor-version":[{"id":54074,"href":"https:\/\/2horizontes.com\/index.php?rest_route=\/wp\/v2\/posts\/54072\/revisions\/54074"}],"wp:featuredmedia":[{"embeddable":true,"href":"https:\/\/2horizontes.com\/index.php?rest_route=\/wp\/v2\/media\/54073"}],"wp:attachment":[{"href":"https:\/\/2horizontes.com\/index.php?rest_route=%2Fwp%2Fv2%2Fmedia&parent=54072"}],"wp:term":[{"taxonomy":"category","embeddable":true,"href":"https:\/\/2horizontes.com\/index.php?rest_route=%2Fwp%2Fv2%2Fcategories&post=54072"},{"taxonomy":"post_tag","embeddable":true,"href":"https:\/\/2horizontes.com\/index.php?rest_route=%2Fwp%2Fv2%2Ftags&post=54072"}],"curies":[{"name":"wp","href":"https:\/\/api.w.org\/{rel}","templated":true}]}}