{"id":5407,"date":"2015-05-01T12:58:52","date_gmt":"2015-05-01T11:58:52","guid":{"rendered":"http:\/\/2horizontes.com\/?p=5407"},"modified":"2015-05-01T13:01:48","modified_gmt":"2015-05-01T12:01:48","slug":"la-campana-electoral-se-inicia-el-8-de-mayo-en-toda-espana-menos-en-lepe","status":"publish","type":"post","link":"https:\/\/2horizontes.com\/?p=5407","title":{"rendered":"La campa\u00f1a electoral se inicia el 8 de mayo en toda Espa\u00f1a&#8230; menos en Lepe"},"content":{"rendered":"<p>Los 8.116 municipios espa\u00f1oles citados a las urnas el pr\u00f3ximo 24 de mayo comenzar\u00e1n en una semana una campa\u00f1a regulada por una orden del<strong> Bolet\u00edn Oficial del Estado<\/strong> del pasado 31 de marzo que recoge todos los pormenores de esta cita menos uno: la romer\u00eda de<strong>Nuestra Se\u00f1ora de la Bella en Lepe<\/strong>.<!--more--><\/p>\n<p>En esta localidad onubense el segundo fin de semana de mayo no est\u00e1n para preocuparse por carteles electorales o m\u00edtines, porque desde que la imagen de la patrona de la localidad sale por la puerta de su iglesia sobre las 20.00 horas del viernes hasta que vuelve a primera hora de la madrugada del martes el pensamiento de sus casi 30.000 habitantes no est\u00e1, ni mucho menos, en las urnas.<\/p>\n<p>Obviamente, no todo el pueblo va a la romer\u00eda, aunque en a\u00f1os pasados el Ayuntamiento ha llegado a cifrar en 200.000 el n\u00famero de personas de toda <strong>Espa\u00f1a <\/strong>que acude a la cita romera, situando la fiesta por detr\u00e1s en asistencia solo de otras dos romer\u00edas, la de la Virgen de la Cabeza de And\u00fajar y la de El Roc\u00edo.<\/p>\n<p>Por ello, no es de extra\u00f1ar que los seis partidos pol\u00edticos que se presentan a las elecciones municipales hayan acordado por unanimidad retrasar cinco d\u00edas la campa\u00f1a electoral, con el fin de evitar que haya actos durante la romer\u00eda, de forma que se iniciar\u00e1 cinco despu\u00e9s que en el resto de Espa\u00f1a.<\/p>\n<p>As\u00ed que mientras los grandes l\u00edderes estar\u00e1n colocando los carteles de los m\u00e1s de 8.100 pueblos, en <strong>Lepe <\/strong>se estar\u00e1n colocando flores en la ofrenda a su patrona y los que no lo hagan aprovechar\u00e1n para escaparse del pueblo en unas minivacaciones.<\/p>\n","protected":false},"excerpt":{"rendered":"<p>Los 8.116 municipios espa\u00f1oles citados a las urnas el pr\u00f3ximo 24 de mayo comenzar\u00e1n en una semana una campa\u00f1a regulada por una orden del Bolet\u00edn Oficial del Estado del pasado 31 de marzo que recoge todos los pormenores de esta cita menos uno: la romer\u00eda deNuestra Se\u00f1ora de la Bella en Lepe.<\/p>\n","protected":false},"author":4,"featured_media":5411,"comment_status":"open","ping_status":"open","sticky":false,"template":"","format":"standard","meta":{"footnotes":""},"categories":[85,43],"tags":[],"class_list":["post-5407","post","type-post","status-publish","format-standard","has-post-thumbnail","hentry","category-espana","category-politica"],"_links":{"self":[{"href":"https:\/\/2horizontes.com\/index.php?rest_route=\/wp\/v2\/posts\/5407","targetHints":{"allow":["GET"]}}],"collection":[{"href":"https:\/\/2horizontes.com\/index.php?rest_route=\/wp\/v2\/posts"}],"about":[{"href":"https:\/\/2horizontes.com\/index.php?rest_route=\/wp\/v2\/types\/post"}],"author":[{"embeddable":true,"href":"https:\/\/2horizontes.com\/index.php?rest_route=\/wp\/v2\/users\/4"}],"replies":[{"embeddable":true,"href":"https:\/\/2horizontes.com\/index.php?rest_route=%2Fwp%2Fv2%2Fcomments&post=5407"}],"version-history":[{"count":2,"href":"https:\/\/2horizontes.com\/index.php?rest_route=\/wp\/v2\/posts\/5407\/revisions"}],"predecessor-version":[{"id":5410,"href":"https:\/\/2horizontes.com\/index.php?rest_route=\/wp\/v2\/posts\/5407\/revisions\/5410"}],"wp:featuredmedia":[{"embeddable":true,"href":"https:\/\/2horizontes.com\/index.php?rest_route=\/wp\/v2\/media\/5411"}],"wp:attachment":[{"href":"https:\/\/2horizontes.com\/index.php?rest_route=%2Fwp%2Fv2%2Fmedia&parent=5407"}],"wp:term":[{"taxonomy":"category","embeddable":true,"href":"https:\/\/2horizontes.com\/index.php?rest_route=%2Fwp%2Fv2%2Fcategories&post=5407"},{"taxonomy":"post_tag","embeddable":true,"href":"https:\/\/2horizontes.com\/index.php?rest_route=%2Fwp%2Fv2%2Ftags&post=5407"}],"curies":[{"name":"wp","href":"https:\/\/api.w.org\/{rel}","templated":true}]}}