{"id":54018,"date":"2016-07-18T10:24:05","date_gmt":"2016-07-18T09:24:05","guid":{"rendered":"http:\/\/2horizontes.com\/?p=54018"},"modified":"2016-07-18T10:24:05","modified_gmt":"2016-07-18T09:24:05","slug":"a-prision-el-hombre-acusado-de-apunalar-mortalmente-a-su-exmujer-en-burgos","status":"publish","type":"post","link":"https:\/\/2horizontes.com\/?p=54018","title":{"rendered":"A prisi\u00f3n el hombre acusado de apu\u00f1alar mortalmente a su exmujer en Burgos"},"content":{"rendered":"<p>El hombre acusado de matar a su exmujer a pu\u00f1aladas en Aranda del Duero, Burgos, ha ingresado en prisi\u00f3n. As\u00ed lo ha decretado el Juzgado de Primera Instancia e Instrucci\u00f3n n\u00famero 2 de Aranda de Duero (Burgos) que ha ordenado que el presunto homicida, J.V.M., de 54 a\u00f1os, ingrese en la c\u00e1rcel sin fianza acusado de un delito de homicidio en el \u00e1mbito familiar.<\/p>\n<p>La pareja se hab\u00eda divorciado recientemente y no constan denuncias previas por parte de la v\u00edctima, B. N. P., de 49 a\u00f1os. El suceso se produjo antes de las tres y cuarto de la madrugada de este domingo, cuando el Servicio de Emergencias de Castilla y Le\u00f3n recibi\u00f3 una llamada que alertaba de una agresi\u00f3n en un domicilio de la calle Fern\u00e1n Gonz\u00e1lez del municipio.<\/p>\n<p>Al llegar a la vivienda, los efectivos sanitarios se encontraron con la mujer, que presentaba varias heridas por arma blanca que acabaron con su vida. El homicida y la v\u00edctima ten\u00edan en com\u00fan dos hijos mayores de edad.<\/p>\n","protected":false},"excerpt":{"rendered":"<p>El hombre acusado de matar a su exmujer a pu\u00f1aladas en Aranda del Duero, Burgos, ha ingresado en prisi\u00f3n. As\u00ed lo ha decretado el Juzgado de Primera Instancia e Instrucci\u00f3n n\u00famero 2 de Aranda de Duero (Burgos) que ha ordenado que el presunto homicida, J.V.M., de 54 a\u00f1os, ingrese en la c\u00e1rcel sin fianza acusado [&hellip;]<\/p>\n","protected":false},"author":3,"featured_media":54019,"comment_status":"open","ping_status":"open","sticky":false,"template":"","format":"standard","meta":{"footnotes":""},"categories":[85],"tags":[],"class_list":["post-54018","post","type-post","status-publish","format-standard","has-post-thumbnail","hentry","category-espana"],"_links":{"self":[{"href":"https:\/\/2horizontes.com\/index.php?rest_route=\/wp\/v2\/posts\/54018","targetHints":{"allow":["GET"]}}],"collection":[{"href":"https:\/\/2horizontes.com\/index.php?rest_route=\/wp\/v2\/posts"}],"about":[{"href":"https:\/\/2horizontes.com\/index.php?rest_route=\/wp\/v2\/types\/post"}],"author":[{"embeddable":true,"href":"https:\/\/2horizontes.com\/index.php?rest_route=\/wp\/v2\/users\/3"}],"replies":[{"embeddable":true,"href":"https:\/\/2horizontes.com\/index.php?rest_route=%2Fwp%2Fv2%2Fcomments&post=54018"}],"version-history":[{"count":1,"href":"https:\/\/2horizontes.com\/index.php?rest_route=\/wp\/v2\/posts\/54018\/revisions"}],"predecessor-version":[{"id":54020,"href":"https:\/\/2horizontes.com\/index.php?rest_route=\/wp\/v2\/posts\/54018\/revisions\/54020"}],"wp:featuredmedia":[{"embeddable":true,"href":"https:\/\/2horizontes.com\/index.php?rest_route=\/wp\/v2\/media\/54019"}],"wp:attachment":[{"href":"https:\/\/2horizontes.com\/index.php?rest_route=%2Fwp%2Fv2%2Fmedia&parent=54018"}],"wp:term":[{"taxonomy":"category","embeddable":true,"href":"https:\/\/2horizontes.com\/index.php?rest_route=%2Fwp%2Fv2%2Fcategories&post=54018"},{"taxonomy":"post_tag","embeddable":true,"href":"https:\/\/2horizontes.com\/index.php?rest_route=%2Fwp%2Fv2%2Ftags&post=54018"}],"curies":[{"name":"wp","href":"https:\/\/api.w.org\/{rel}","templated":true}]}}