{"id":54010,"date":"2016-07-16T17:06:41","date_gmt":"2016-07-16T16:06:41","guid":{"rendered":"http:\/\/2horizontes.com\/?p=54010"},"modified":"2016-07-16T17:06:41","modified_gmt":"2016-07-16T16:06:41","slug":"niza-vivero-de-yihadistas","status":"publish","type":"post","link":"https:\/\/2horizontes.com\/?p=54010","title":{"rendered":"Niza, vivero de yihadistas"},"content":{"rendered":"<p>PAR\u00cdS. La ciudad de Niza y sus alrededores, donde el jueves un terrorista de inspiraci\u00f3n yihadista asesin\u00f3 a 84 personas, es uno de los principales viveros salafistas de Francia, debido a la situaci\u00f3n geogr\u00e1fica de la localidad mediterr\u00e1nea y a los grup\u00fasculos islamistas que operan all\u00ed desde hace d\u00e9cadas.<\/p>\n<p>El tur\u00edstico municipio, ciudad costera con un din\u00e1mico puerto y cercana a las fronteras de M\u00f3naco e Italia, hacen de Niza una base operativa id\u00f3nea de la que han partido varios centenares de personas hacia Siria o Irak y constituye un enclave donde residen unos 500 individuos fichados por radicalizaci\u00f3n.<\/p>\n<p>La relaci\u00f3n de la ciudad con el terrorismo integrista, sin embargo, comienza a fraguarse mucho antes de que existiera el grupo criminal Estado Isl\u00e1mico (EI), cuando abanderaban esa ideolog\u00eda fundamentalista organizaciones argelinas como el Frente Isl\u00e1mico de Salvaci\u00f3n (FIS) o el Grupo Isl\u00e1mico Armado (GIA).<\/p>\n<p>La investigaci\u00f3n posterior a los ocho atentados perpetrados entre julio y octubre de 1995, que dejaron ocho muertos y 200 heridos en Par\u00eds y junto a Lyon (este), vincularon con Niza a los autores de los ataques, atribuidos al GIA.<\/p>\n<p>Las comunicaciones a\u00e9reas y mar\u00edtimas entre Niza y Argelia facilitaban la implantaci\u00f3n en la ciudad francesa y tras la victoria de los militares frente a los islamistas en 2002, algunos de sus miembros abrazaron los fundamentos del movimiento isl\u00e1mico de inspiraci\u00f3n india Tabligh.<\/p>\n<p>Esa rigurosa doctrina religiosa comienza a penetrar en los barrios sensibles de Niza y su periferia, tales como Ariane, Saint-Roch y Saint-Agustin, fen\u00f3meno que se traslad\u00f3 despu\u00e9s a las c\u00e1rceles.<\/p>\n<p>Los militantes del GIA y del FIS comenzaron a hacer proselitismo en las c\u00e1rceles francesas donde purgaban sus penas, centr\u00e1ndose en j\u00f3venes delincuentes sin rumbo vital.<\/p>\n<p>Esa relaci\u00f3n entre delincuencia y yihadismo la ilustra a la perfecci\u00f3n la figura de Omar Diaby, senegal\u00e9s que a los 5 a\u00f1os se instal\u00f3 en el barrio Ariane de Niza.<\/p>\n<p>En 1995 fue condenado a cinco a\u00f1os de c\u00e1rcel por un homicidio relacionado con bandas delictivas rivales y, tras salir de la c\u00e1rcel, se dedic\u00f3 a robar joyer\u00edas y volvi\u00f3 a pasar por prisi\u00f3n, hasta que en 2010 obtuvo la libertad condicional y se orient\u00f3 hacia el salafismo.<\/p>\n<p>Diaby, de 41 a\u00f1os en la actualidad, trabajaba entonces en un establecimiento de comida r\u00e1pida halal, se hac\u00eda llamar Omar Omsen y se le relacionaba con Forsane Alizza, un grup\u00fasculo islamista disuelto por las fuerzas de seguridad.<\/p>\n<p>La polic\u00eda sospech\u00f3 que estaba detr\u00e1s del env\u00edo de j\u00f3venes de una barriada a hacer la yihad, pero qued\u00f3 en libertad por falta de pruebas y viaj\u00f3 a Siria, donde se alist\u00f3 en las filas del Frente Al Nusra, filial del grupo terrorista Al Qaeda.<\/p>\n<p>Desde all\u00ed se dedic\u00f3 con especial ah\u00ednco a la propaganda ideol\u00f3gica, subrayando la importancia de que las mujeres tambi\u00e9n se sumaran a la \u201cguerra santa\u201d.<\/p>\n<p>Se le dio por muerto, pero reapareci\u00f3 en una entrevista concedida a la televisi\u00f3n p\u00fablica gala, cuya difusi\u00f3n coincidi\u00f3 con la apertura de juicio contra una red de reclutamiento en Estrasburgo (noreste) que pilotaba su antigua mano derecha, Mourad Fares.<\/p>\n<p>Se trata de otro cabo que une el islamismo radical en Francia con el \u00e1rea metropolitana de Niza, desde donde han viajado a Siria e Irak un centenar de individuos, donde otras 515 personas est\u00e1n fichadas por radicalizaci\u00f3n y \u201centre 2.000 y 3.000\u201d respaldan ideol\u00f3gicamente la yihad, seg\u00fan el diario \u201cLe Figaro\u201d.<\/p>\n<p>Un mes despu\u00e9s de los atentados de Charlie Hebdo y de un supermercado \u201ckosher\u201d en Par\u00eds, en enero de 2015, un individuo llamado Moussa Coulibaly atac\u00f3 con cuchillo a tres militares que vigilaban un establecimiento jud\u00edo en Niza.<\/p>\n<p>Tres a\u00f1os antes, en esa ciudad se hab\u00eda desmantelado la red yihadista denominada \u201cCannes-Torcy-Sarcelles\u201d, que planeaba atentar contra el Carnaval de Niza, uno de los s\u00edmbolos de esa localidad tur\u00edstica.<\/p>\n<p>\u201cSabemos que en Niza hay un vivero de radicalizaci\u00f3n\u201d, resumi\u00f3 d\u00edas antes de la matanza del cami\u00f3n frigor\u00edfico, en el informe de la comisi\u00f3n parlamentaria sobre los atentados de 2015, el diputado socialista S\u00e9bastien Pietrasanta<\/p>\n","protected":false},"excerpt":{"rendered":"<p>PAR\u00cdS. La ciudad de Niza y sus alrededores, donde el jueves un terrorista de inspiraci\u00f3n yihadista asesin\u00f3 a 84 personas, es uno de los principales viveros salafistas de Francia, debido a la situaci\u00f3n geogr\u00e1fica de la localidad mediterr\u00e1nea y a los grup\u00fasculos islamistas que operan all\u00ed desde hace d\u00e9cadas. El tur\u00edstico municipio, ciudad costera con [&hellip;]<\/p>\n","protected":false},"author":13240,"featured_media":54011,"comment_status":"open","ping_status":"open","sticky":false,"template":"","format":"standard","meta":{"footnotes":""},"categories":[86,40],"tags":[],"class_list":["post-54010","post","type-post","status-publish","format-standard","has-post-thumbnail","hentry","category-europa","category-internacionales"],"_links":{"self":[{"href":"https:\/\/2horizontes.com\/index.php?rest_route=\/wp\/v2\/posts\/54010","targetHints":{"allow":["GET"]}}],"collection":[{"href":"https:\/\/2horizontes.com\/index.php?rest_route=\/wp\/v2\/posts"}],"about":[{"href":"https:\/\/2horizontes.com\/index.php?rest_route=\/wp\/v2\/types\/post"}],"author":[{"embeddable":true,"href":"https:\/\/2horizontes.com\/index.php?rest_route=\/wp\/v2\/users\/13240"}],"replies":[{"embeddable":true,"href":"https:\/\/2horizontes.com\/index.php?rest_route=%2Fwp%2Fv2%2Fcomments&post=54010"}],"version-history":[{"count":1,"href":"https:\/\/2horizontes.com\/index.php?rest_route=\/wp\/v2\/posts\/54010\/revisions"}],"predecessor-version":[{"id":54012,"href":"https:\/\/2horizontes.com\/index.php?rest_route=\/wp\/v2\/posts\/54010\/revisions\/54012"}],"wp:featuredmedia":[{"embeddable":true,"href":"https:\/\/2horizontes.com\/index.php?rest_route=\/wp\/v2\/media\/54011"}],"wp:attachment":[{"href":"https:\/\/2horizontes.com\/index.php?rest_route=%2Fwp%2Fv2%2Fmedia&parent=54010"}],"wp:term":[{"taxonomy":"category","embeddable":true,"href":"https:\/\/2horizontes.com\/index.php?rest_route=%2Fwp%2Fv2%2Fcategories&post=54010"},{"taxonomy":"post_tag","embeddable":true,"href":"https:\/\/2horizontes.com\/index.php?rest_route=%2Fwp%2Fv2%2Ftags&post=54010"}],"curies":[{"name":"wp","href":"https:\/\/api.w.org\/{rel}","templated":true}]}}