{"id":53983,"date":"2016-07-15T18:18:53","date_gmt":"2016-07-15T17:18:53","guid":{"rendered":"http:\/\/2horizontes.com\/?p=53983"},"modified":"2016-07-15T18:18:53","modified_gmt":"2016-07-15T17:18:53","slug":"se-entrega-el-dueno-de-la-libre","status":"publish","type":"post","link":"https:\/\/2horizontes.com\/?p=53983","title":{"rendered":"Se entrega el due\u00f1o de la libre"},"content":{"rendered":"<p>Pedro Varela, propietario de la librer\u00eda \u2019Europa\u2019 de Barcelona que estaba en busca y captura por su presunta relaci\u00f3n con una red dedicada de editar y distribuir libros de ideolog\u00eda nazi, se ha entregado esta ma\u00f1ana en los juzgados de Barcelona.<\/p>\n<p>Seg\u00fan han informado fuentes judiciales, el librero, con antecedentes por difundir ideas genocidas, estaba siendo buscado por los Mossos d&#8217;Esquadra en el marco de la nueva operaci\u00f3n desplegada el pasado viernes d\u00eda 8 contra una red de neonazis y que comport\u00f3 el precinto de la librer\u00eda \u00abEuropa\u00bb de Barcelona por orden judicial.<\/p>\n<p>En el marco de esa operaci\u00f3n, la polic\u00eda catalana detuvo a cuatro personas por su presunta relaci\u00f3n con la edici\u00f3n y distribuci\u00f3n de libros neonazis y registr\u00f3 el pasado viernes la librer\u00eda, situada en el barrio barcelon\u00e9s de Gr\u00e0cia, y los domicilios de los arrestados, donde se incautaron de cerca de 15.000 ejemplares.<\/p>\n<p>Acumula dos condenas<\/p>\n<p>Varela acumula dos condenas, la \u00faltima de ellas de un a\u00f1o y tres meses de c\u00e1rcel, por distribuir libros que difunden el ideario nacionalsocialista a trav\u00e9s de su librer\u00eda \u00abEuropa\u00bb -que fue registrada en dos operaciones policiales en los a\u00f1os 1996 y 2006- y est\u00e1 a la espera de un tercer juicio por editar \u00abMein Kampf\u00bb, de Adolf Hitler, sin tener los derechos de esa obra.<\/p>\n<p>Los otros cuatro detenidos son supuestos miembros de la c\u00fapula de la asociaci\u00f3n cultural responsable de la publicaci\u00f3n de libros que promueven el odio y la discriminaci\u00f3n, dos de ellos de nacionalidad espa\u00f1ola y otros dos rumanos.<\/p>\n<p>A los detenidos se les atribuyen un delito contra los derechos fundamentales y las libertades p\u00fablicas, as\u00ed como otro de asociaci\u00f3n il\u00edcita, no solo por la edici\u00f3n de los libros de ideolog\u00eda nazi sino tambi\u00e9n por organizar conferencias que promueven la doctrina del odio en la librer\u00eda \u00abEuropa\u00bb.<\/p>\n<p>La librer\u00eda \u2019Europa\u2019, situada en la calle S\u00e9neca de la capital catalana, fue registrada en 1996 en una primera operaci\u00f3n policial en la que fueron decomisados cerca de 20.000 libros y su propietario detenido por un delito de apolog\u00eda del genocidio, lo que le acarre\u00f3 una condena de siete meses de c\u00e1rcel.<\/p>\n<p>En el a\u00f1o 2006, otra investigaci\u00f3n judicial centrada en una editorial de libros nazis con sede en la misma librer\u00eda Europa comport\u00f3 de nuevo la detenci\u00f3n de Pedro Varela, que fue condenado a un a\u00f1o y tres meses de c\u00e1rcel por delitos contra los derechos fundamentales, y la incautaci\u00f3n de cerca de 5.000 vol\u00famenes que almacenaba en el local.<\/p>\n","protected":false},"excerpt":{"rendered":"<p>Pedro Varela, propietario de la librer\u00eda \u2019Europa\u2019 de Barcelona que estaba en busca y captura por su presunta relaci\u00f3n con una red dedicada de editar y distribuir libros de ideolog\u00eda nazi, se ha entregado esta ma\u00f1ana en los juzgados de Barcelona. Seg\u00fan han informado fuentes judiciales, el librero, con antecedentes por difundir ideas genocidas, estaba [&hellip;]<\/p>\n","protected":false},"author":3,"featured_media":53984,"comment_status":"open","ping_status":"open","sticky":false,"template":"","format":"standard","meta":{"footnotes":""},"categories":[85,86],"tags":[],"class_list":["post-53983","post","type-post","status-publish","format-standard","has-post-thumbnail","hentry","category-espana","category-europa"],"_links":{"self":[{"href":"https:\/\/2horizontes.com\/index.php?rest_route=\/wp\/v2\/posts\/53983","targetHints":{"allow":["GET"]}}],"collection":[{"href":"https:\/\/2horizontes.com\/index.php?rest_route=\/wp\/v2\/posts"}],"about":[{"href":"https:\/\/2horizontes.com\/index.php?rest_route=\/wp\/v2\/types\/post"}],"author":[{"embeddable":true,"href":"https:\/\/2horizontes.com\/index.php?rest_route=\/wp\/v2\/users\/3"}],"replies":[{"embeddable":true,"href":"https:\/\/2horizontes.com\/index.php?rest_route=%2Fwp%2Fv2%2Fcomments&post=53983"}],"version-history":[{"count":1,"href":"https:\/\/2horizontes.com\/index.php?rest_route=\/wp\/v2\/posts\/53983\/revisions"}],"predecessor-version":[{"id":53985,"href":"https:\/\/2horizontes.com\/index.php?rest_route=\/wp\/v2\/posts\/53983\/revisions\/53985"}],"wp:featuredmedia":[{"embeddable":true,"href":"https:\/\/2horizontes.com\/index.php?rest_route=\/wp\/v2\/media\/53984"}],"wp:attachment":[{"href":"https:\/\/2horizontes.com\/index.php?rest_route=%2Fwp%2Fv2%2Fmedia&parent=53983"}],"wp:term":[{"taxonomy":"category","embeddable":true,"href":"https:\/\/2horizontes.com\/index.php?rest_route=%2Fwp%2Fv2%2Fcategories&post=53983"},{"taxonomy":"post_tag","embeddable":true,"href":"https:\/\/2horizontes.com\/index.php?rest_route=%2Fwp%2Fv2%2Ftags&post=53983"}],"curies":[{"name":"wp","href":"https:\/\/api.w.org\/{rel}","templated":true}]}}