{"id":53965,"date":"2016-07-15T15:32:01","date_gmt":"2016-07-15T14:32:01","guid":{"rendered":"http:\/\/2horizontes.com\/?p=53965"},"modified":"2016-07-15T15:32:01","modified_gmt":"2016-07-15T14:32:01","slug":"cronicas-de-un-atentado-salve-mi-vida-debajo-de-un-carro","status":"publish","type":"post","link":"https:\/\/2horizontes.com\/?p=53965","title":{"rendered":"Cr\u00f3nicas de un atentado: \u00abSalv\u00e9 mi vida debajo de un carro\u00bb"},"content":{"rendered":"<p>Miguel \u00c1ngel es un peruano que vive en Niza desde hace cinco a\u00f1os y anoche salv\u00f3 su vida tras refugiarse debajo de un autom\u00f3vil, cuando el terrorista que perpetr\u00f3 el atentado enfil\u00f3 por el paseo de los Ingleses que estaba atestado de gente.<\/p>\n<p>\u00abEstaba a unos veinte metros, vi que el cami\u00f3n ven\u00eda hacia m\u00ed y la gente corr\u00eda despavorida por todos los lados\u00bb, narr\u00f3 este joven que trabaja en el sector del bricolaje.<\/p>\n<p>Asegura que temi\u00f3 por su vida. Primero se refugi\u00f3 detr\u00e1s de un poste, hasta que el cami\u00f3n se detuvo y el terrorista comenz\u00f3 a disparar.<\/p>\n<p>\u00abFue un momento terrible, son im\u00e1genes que nunca se van a borrar de mi mente\u00bb, asegur\u00f3 el joven.<\/p>\n<p>Por instinto, se refugi\u00f3 debajo de un veh\u00edculo desde donde vio llegar a patrullas de la polic\u00eda que comenzaron a disparar al cami\u00f3n.<\/p>\n<p>\u00abMe met\u00ed debajo un carro (&#8230;.) Pero no se rend\u00eda, les respond\u00eda los disparos, se me hizo eterno\u00bb, afirm\u00f3.<\/p>\n<p>Cuando los agentes avisaron de que el terrorista estaba muerto, Miguel \u00c1ngel sali\u00f3 de su escondite. \u00abLos que est\u00e1bamos ilesos comenzamos a ayudar a los heridos. Hab\u00eda cuerpos por todos lados, sangre. Fue un momento muy duro\u00bb, rememor\u00f3.<\/p>\n<p>Solo cuando llegaron los servicios de primeros auxilios, el peruano decidi\u00f3 marcharse. \u00abHab\u00eda gente por todos los lados, en todos los portales\u00bb, asegur\u00f3.<\/p>\n","protected":false},"excerpt":{"rendered":"<p>Miguel \u00c1ngel es un peruano que vive en Niza desde hace cinco a\u00f1os y anoche salv\u00f3 su vida tras refugiarse debajo de un autom\u00f3vil, cuando el terrorista que perpetr\u00f3 el atentado enfil\u00f3 por el paseo de los Ingleses que estaba atestado de gente. \u00abEstaba a unos veinte metros, vi que el cami\u00f3n ven\u00eda hacia m\u00ed [&hellip;]<\/p>\n","protected":false},"author":13240,"featured_media":53969,"comment_status":"open","ping_status":"open","sticky":false,"template":"","format":"standard","meta":{"footnotes":""},"categories":[89,86,56],"tags":[],"class_list":["post-53965","post","type-post","status-publish","format-standard","has-post-thumbnail","hentry","category-cronica","category-europa","category-notas-luctuosas"],"_links":{"self":[{"href":"https:\/\/2horizontes.com\/index.php?rest_route=\/wp\/v2\/posts\/53965","targetHints":{"allow":["GET"]}}],"collection":[{"href":"https:\/\/2horizontes.com\/index.php?rest_route=\/wp\/v2\/posts"}],"about":[{"href":"https:\/\/2horizontes.com\/index.php?rest_route=\/wp\/v2\/types\/post"}],"author":[{"embeddable":true,"href":"https:\/\/2horizontes.com\/index.php?rest_route=\/wp\/v2\/users\/13240"}],"replies":[{"embeddable":true,"href":"https:\/\/2horizontes.com\/index.php?rest_route=%2Fwp%2Fv2%2Fcomments&post=53965"}],"version-history":[{"count":1,"href":"https:\/\/2horizontes.com\/index.php?rest_route=\/wp\/v2\/posts\/53965\/revisions"}],"predecessor-version":[{"id":53970,"href":"https:\/\/2horizontes.com\/index.php?rest_route=\/wp\/v2\/posts\/53965\/revisions\/53970"}],"wp:featuredmedia":[{"embeddable":true,"href":"https:\/\/2horizontes.com\/index.php?rest_route=\/wp\/v2\/media\/53969"}],"wp:attachment":[{"href":"https:\/\/2horizontes.com\/index.php?rest_route=%2Fwp%2Fv2%2Fmedia&parent=53965"}],"wp:term":[{"taxonomy":"category","embeddable":true,"href":"https:\/\/2horizontes.com\/index.php?rest_route=%2Fwp%2Fv2%2Fcategories&post=53965"},{"taxonomy":"post_tag","embeddable":true,"href":"https:\/\/2horizontes.com\/index.php?rest_route=%2Fwp%2Fv2%2Ftags&post=53965"}],"curies":[{"name":"wp","href":"https:\/\/api.w.org\/{rel}","templated":true}]}}