{"id":53960,"date":"2016-07-15T15:17:42","date_gmt":"2016-07-15T14:17:42","guid":{"rendered":"http:\/\/2horizontes.com\/?p=53960"},"modified":"2016-07-15T15:17:42","modified_gmt":"2016-07-15T14:17:42","slug":"hollande-50-personas-se-encuentran-en-estado-critico-tras-ataque-terrorista","status":"publish","type":"post","link":"https:\/\/2horizontes.com\/?p=53960","title":{"rendered":"Hollande: 50 personas se encuentran en estado cr\u00edtico tras ataque terrorista"},"content":{"rendered":"<p>El presidente franc\u00e9s,\u00a0Fran\u00e7ois Hollande, inform\u00f3 en la ma\u00f1ana de este viernes que 50 personas se encuentran en estado cr\u00edtico tras el atentado terrorista ocurrido ayer en Niza, donde fallecieron 84 individuos.<\/p>\n<p>\u201cVimos a los lisiados que han tenido en su mente algo verdaderamente dif\u00edcil. Durante su vida cargar\u00e1n con ese trauma. No pod\u00edan recordar lo que les sucedi\u00f3 a ellos, pero si recordaban los cuerpos que fueron destrozados \u00a0junto a ellos\u201d, expres\u00f3 el presidente en una rueda de prensa.<\/p>\n<p>Adem\u00e1s de franceses, gran porcentaje de las v\u00edctimas son extranjeros y ni\u00f1os que fueron a celebrar \u00abLa Toma de la Bastilla\u00bb, fecha patria para el pueblo franc\u00e9s.<\/p>\n<p>Hollande homenaje\u00f3 a todas las fuerzas de la ley \u00a0que actuaron inmediatamente luego de que se perpetrara el ataque. \u201cTambi\u00e9n est\u00e1n los bomberos que ayudaron a evacuar y a implantar el plan de emergencia. Los doctores ayudaron a salvar vidas, aunque otros no pudieron ser salvados\u201d, agreg\u00f3.<\/p>\n<p>\u201cEstamos tratando con una lucha que durar\u00e1 mucho tiempo. Tenemos un enemigo que continuar\u00e1 golpeando a todas las personas de los pa\u00edses que tienen libertad como un valor fundamental\u201d, recalc\u00f3 Fran\u00e7ois Hollande.<\/p>\n","protected":false},"excerpt":{"rendered":"<p>El presidente franc\u00e9s,\u00a0Fran\u00e7ois Hollande, inform\u00f3 en la ma\u00f1ana de este viernes que 50 personas se encuentran en estado cr\u00edtico tras el atentado terrorista ocurrido ayer en Niza, donde fallecieron 84 individuos. \u201cVimos a los lisiados que han tenido en su mente algo verdaderamente dif\u00edcil. Durante su vida cargar\u00e1n con ese trauma. No pod\u00edan recordar lo [&hellip;]<\/p>\n","protected":false},"author":13240,"featured_media":53962,"comment_status":"open","ping_status":"open","sticky":false,"template":"","format":"standard","meta":{"footnotes":""},"categories":[86,40,43],"tags":[],"class_list":["post-53960","post","type-post","status-publish","format-standard","has-post-thumbnail","hentry","category-europa","category-internacionales","category-politica"],"_links":{"self":[{"href":"https:\/\/2horizontes.com\/index.php?rest_route=\/wp\/v2\/posts\/53960","targetHints":{"allow":["GET"]}}],"collection":[{"href":"https:\/\/2horizontes.com\/index.php?rest_route=\/wp\/v2\/posts"}],"about":[{"href":"https:\/\/2horizontes.com\/index.php?rest_route=\/wp\/v2\/types\/post"}],"author":[{"embeddable":true,"href":"https:\/\/2horizontes.com\/index.php?rest_route=\/wp\/v2\/users\/13240"}],"replies":[{"embeddable":true,"href":"https:\/\/2horizontes.com\/index.php?rest_route=%2Fwp%2Fv2%2Fcomments&post=53960"}],"version-history":[{"count":1,"href":"https:\/\/2horizontes.com\/index.php?rest_route=\/wp\/v2\/posts\/53960\/revisions"}],"predecessor-version":[{"id":53964,"href":"https:\/\/2horizontes.com\/index.php?rest_route=\/wp\/v2\/posts\/53960\/revisions\/53964"}],"wp:featuredmedia":[{"embeddable":true,"href":"https:\/\/2horizontes.com\/index.php?rest_route=\/wp\/v2\/media\/53962"}],"wp:attachment":[{"href":"https:\/\/2horizontes.com\/index.php?rest_route=%2Fwp%2Fv2%2Fmedia&parent=53960"}],"wp:term":[{"taxonomy":"category","embeddable":true,"href":"https:\/\/2horizontes.com\/index.php?rest_route=%2Fwp%2Fv2%2Fcategories&post=53960"},{"taxonomy":"post_tag","embeddable":true,"href":"https:\/\/2horizontes.com\/index.php?rest_route=%2Fwp%2Fv2%2Ftags&post=53960"}],"curies":[{"name":"wp","href":"https:\/\/api.w.org\/{rel}","templated":true}]}}