{"id":53955,"date":"2016-07-15T15:13:31","date_gmt":"2016-07-15T14:13:31","guid":{"rendered":"http:\/\/2horizontes.com\/?p=53955"},"modified":"2016-07-15T15:13:31","modified_gmt":"2016-07-15T14:13:31","slug":"se-registra-una-explosion-cerca-de-la-vivienda-del-terrorista-de-niza","status":"publish","type":"post","link":"https:\/\/2horizontes.com\/?p=53955","title":{"rendered":"Se registra una explosi\u00f3n cerca de la vivienda del terrorista de Niza"},"content":{"rendered":"<p>Seg\u00fan\u00a0<em>Daily Star,<\/em> la Polic\u00eda gala han detenido a una persona y ha hecho detonar explosivos encontrados en un cami\u00f3n aparcado cerca de la vivienda del autor del atentado de este jueves.<\/p>\n<p>Un corresponsal de la cadena de televisi\u00f3n francesa iTele ha informado de que la Polic\u00eda ha detenido a un individuo durante el registro de la vivienda de\u00a0Mohamed Lahouaiej Bouhlel. El autor del crimen de Niza ten\u00eda a\u00f1os de 31 a\u00f1os de edad, resid\u00eda en la localidad francesa y era de origen tunecino.<\/p>\n<p>\u00abHemos visto a polic\u00edas con m\u00e1scaras llev\u00e1ndose a alguien, no sabemos qui\u00e9n era\u00bb, ha comunicado el corresponsal.<\/p>\n","protected":false},"excerpt":{"rendered":"<p>Seg\u00fan\u00a0Daily Star, la Polic\u00eda gala han detenido a una persona y ha hecho detonar explosivos encontrados en un cami\u00f3n aparcado cerca de la vivienda del autor del atentado de este jueves. Un corresponsal de la cadena de televisi\u00f3n francesa iTele ha informado de que la Polic\u00eda ha detenido a un individuo durante el registro de [&hellip;]<\/p>\n","protected":false},"author":13240,"featured_media":53959,"comment_status":"open","ping_status":"open","sticky":false,"template":"","format":"standard","meta":{"footnotes":""},"categories":[86],"tags":[],"class_list":["post-53955","post","type-post","status-publish","format-standard","has-post-thumbnail","hentry","category-europa"],"_links":{"self":[{"href":"https:\/\/2horizontes.com\/index.php?rest_route=\/wp\/v2\/posts\/53955","targetHints":{"allow":["GET"]}}],"collection":[{"href":"https:\/\/2horizontes.com\/index.php?rest_route=\/wp\/v2\/posts"}],"about":[{"href":"https:\/\/2horizontes.com\/index.php?rest_route=\/wp\/v2\/types\/post"}],"author":[{"embeddable":true,"href":"https:\/\/2horizontes.com\/index.php?rest_route=\/wp\/v2\/users\/13240"}],"replies":[{"embeddable":true,"href":"https:\/\/2horizontes.com\/index.php?rest_route=%2Fwp%2Fv2%2Fcomments&post=53955"}],"version-history":[{"count":1,"href":"https:\/\/2horizontes.com\/index.php?rest_route=\/wp\/v2\/posts\/53955\/revisions"}],"predecessor-version":[{"id":53961,"href":"https:\/\/2horizontes.com\/index.php?rest_route=\/wp\/v2\/posts\/53955\/revisions\/53961"}],"wp:featuredmedia":[{"embeddable":true,"href":"https:\/\/2horizontes.com\/index.php?rest_route=\/wp\/v2\/media\/53959"}],"wp:attachment":[{"href":"https:\/\/2horizontes.com\/index.php?rest_route=%2Fwp%2Fv2%2Fmedia&parent=53955"}],"wp:term":[{"taxonomy":"category","embeddable":true,"href":"https:\/\/2horizontes.com\/index.php?rest_route=%2Fwp%2Fv2%2Fcategories&post=53955"},{"taxonomy":"post_tag","embeddable":true,"href":"https:\/\/2horizontes.com\/index.php?rest_route=%2Fwp%2Fv2%2Ftags&post=53955"}],"curies":[{"name":"wp","href":"https:\/\/api.w.org\/{rel}","templated":true}]}}