{"id":53949,"date":"2016-07-15T00:19:57","date_gmt":"2016-07-14T23:19:57","guid":{"rendered":"http:\/\/2horizontes.com\/?p=53949"},"modified":"2016-07-15T00:19:57","modified_gmt":"2016-07-14T23:19:57","slug":"decenas-de-muertos-al-arrollar-un-camion-a-una-multitud-en-la-ciudad-francesa-de-niza","status":"publish","type":"post","link":"https:\/\/2horizontes.com\/?p=53949","title":{"rendered":"\u00abDecenas de muertos\u00bb al arrollar un cami\u00f3n a una multitud en la ciudad francesa de Niza"},"content":{"rendered":"<p class=\"story-body__introduction\">Un cami\u00f3n arroll\u00f3 en la noche de este jueves a una multitud de personas en la ciudad francesa de Niza, causando m\u00faltiples v\u00edctimas, seg\u00fan medios locales.<\/p>\n<p>Reportes indican que<strong> unas 60 personas resultaron muertas y un centenar fueron heridas<\/strong>, en lo que fue descrito por funcionarios locales como un \u00abataque importante\u00bb.<\/p>\n<p>El incidente tuvo lugar durante los actos de celebraci\u00f3n del 14 de julio, fiesta nacional de Francia que conmemora la Toma de la Bastilla en 1789.<\/p>\n<figure class=\"media-landscape has-caption full-width\"><span class=\"image-and-copyright-container\"><img loading=\"lazy\" decoding=\"async\" class=\"responsive-image__img js-image-replace\" src=\"http:\/\/ichef-1.bbci.co.uk\/news\/624\/cpsprodpb\/8CD1\/production\/_90394063_d11d3a2b-1f89-4388-a58c-707575e99a7b.jpg\" alt=\"Cami\u00f3n\" width=\"976\" height=\"549\" data-highest-encountered-width=\"624\" \/><span class=\"off-screen\">Image copyright<\/span><span class=\"story-image-copyright\">AFP<\/span><\/span><figcaption class=\"media-caption\"><span class=\"off-screen\">Image caption<\/span><span class=\"media-caption__text\">El cami\u00f3n que atropell\u00f3 a la multitud visiblemente baleado por la polic\u00eda.<\/span><\/figcaption><\/figure>\n<p>Christian Estrosi, presidente de la regi\u00f3n de Provenza-Alpes-Costa Azul, situada en el sureste de Francia, inform\u00f3 a trav\u00e9s de Twitter que \u00ab<strong>el conductor del cami\u00f3n parecer\u00eda haber dejado docenas de personas muertas\u00bb<\/strong>.<\/p>\n<p>\u00abEs el peor drama en la historia de Nize\u00bb, escribi\u00f3 Estrosi, quien tambi\u00e9n escribi\u00f3: \u00ab<strong>Estamos aterrorizados<\/strong>\u00ab.<\/p>\n<p>Im\u00e1genes de medios locales y compartidas a trav\u00e9s de las redes sociales muestran <strong>escenas de p\u00e1nico, con decenas de personas corriendo<\/strong>.<\/p>\n<p>Un periodista del diario local Nice Matin inform\u00f3 desde el lugar que se ve\u00eda \u00abmucha sangre y que sin dudas hab\u00eda muchos heridos\u00bb.<\/p>\n<figure class=\"media-landscape has-caption full-width\"><span class=\"image-and-copyright-container\"><img loading=\"lazy\" decoding=\"async\" class=\"responsive-image__img js-image-replace\" src=\"http:\/\/ichef-1.bbci.co.uk\/news\/624\/cpsprodpb\/4613\/production\/_90393971_96b0aeea-b5e5-4c7a-8b0c-398af70bb6dd.jpg\" alt=\"redes sociales\" width=\"624\" height=\"351\" data-highest-encountered-width=\"624\" \/><\/span><figcaption class=\"media-caption\"><span class=\"off-screen\">Image caption<\/span><span class=\"media-caption__text\">Im\u00e1genes compartidas a trav\u00e9s de las redes sociales muestran el p\u00e1nico en las calles.<\/span><\/figcaption><\/figure>\n<p>Tanto Estrosi como la Prefectura de los Alpes Mar\u00edtimos han publicado a trav\u00e9s de Twitter y Facebook mensajes <strong>solicitando a la poblaci<\/strong><strong>\u00f3n que se quede dentro de sus hogares<\/strong>.<\/p>\n<p>Las autoridades han establecido un per\u00edmetro en la zona.<\/p>\n<p>Algunos reportes indican que hubo<strong> intercambios de disparos entre la polic\u00eda y los ocupantes del cami\u00f3n<\/strong>, pero esta informaci\u00f3n todav\u00eda no ha sido confirmada.<\/p>\n<p>El conductor del cami\u00f3n fue abatido a disparos por la polic\u00eda.<\/p>\n<figure class=\"media-landscape no-caption full-width\"><span class=\"image-and-copyright-container\"><img loading=\"lazy\" decoding=\"async\" class=\"responsive-image__img js-image-replace\" src=\"http:\/\/ichef-1.bbci.co.uk\/news\/624\/cpsprodpb\/8DDF\/production\/_90391363__90393970_65218e6d-9a7a-448b-82f9-6d7b56cd5fa3.jpg\" alt=\"Niza\" width=\"624\" height=\"351\" data-highest-encountered-width=\"624\" \/><\/span><\/figure>\n<p><i>M\u00e1s informaci\u00f3n en breve.<\/i><\/p>\n","protected":false},"excerpt":{"rendered":"<p>Un cami\u00f3n arroll\u00f3 en la noche de este jueves a una multitud de personas en la ciudad francesa de Niza, causando m\u00faltiples v\u00edctimas, seg\u00fan medios locales. Reportes indican que unas 60 personas resultaron muertas y un centenar fueron heridas, en lo que fue descrito por funcionarios locales como un \u00abataque importante\u00bb. El incidente tuvo lugar [&hellip;]<\/p>\n","protected":false},"author":4,"featured_media":53951,"comment_status":"open","ping_status":"open","sticky":false,"template":"","format":"standard","meta":{"footnotes":""},"categories":[86],"tags":[],"class_list":["post-53949","post","type-post","status-publish","format-standard","has-post-thumbnail","hentry","category-europa"],"_links":{"self":[{"href":"https:\/\/2horizontes.com\/index.php?rest_route=\/wp\/v2\/posts\/53949","targetHints":{"allow":["GET"]}}],"collection":[{"href":"https:\/\/2horizontes.com\/index.php?rest_route=\/wp\/v2\/posts"}],"about":[{"href":"https:\/\/2horizontes.com\/index.php?rest_route=\/wp\/v2\/types\/post"}],"author":[{"embeddable":true,"href":"https:\/\/2horizontes.com\/index.php?rest_route=\/wp\/v2\/users\/4"}],"replies":[{"embeddable":true,"href":"https:\/\/2horizontes.com\/index.php?rest_route=%2Fwp%2Fv2%2Fcomments&post=53949"}],"version-history":[{"count":1,"href":"https:\/\/2horizontes.com\/index.php?rest_route=\/wp\/v2\/posts\/53949\/revisions"}],"predecessor-version":[{"id":53953,"href":"https:\/\/2horizontes.com\/index.php?rest_route=\/wp\/v2\/posts\/53949\/revisions\/53953"}],"wp:featuredmedia":[{"embeddable":true,"href":"https:\/\/2horizontes.com\/index.php?rest_route=\/wp\/v2\/media\/53951"}],"wp:attachment":[{"href":"https:\/\/2horizontes.com\/index.php?rest_route=%2Fwp%2Fv2%2Fmedia&parent=53949"}],"wp:term":[{"taxonomy":"category","embeddable":true,"href":"https:\/\/2horizontes.com\/index.php?rest_route=%2Fwp%2Fv2%2Fcategories&post=53949"},{"taxonomy":"post_tag","embeddable":true,"href":"https:\/\/2horizontes.com\/index.php?rest_route=%2Fwp%2Fv2%2Ftags&post=53949"}],"curies":[{"name":"wp","href":"https:\/\/api.w.org\/{rel}","templated":true}]}}