{"id":53939,"date":"2016-07-14T18:17:17","date_gmt":"2016-07-14T17:17:17","guid":{"rendered":"http:\/\/2horizontes.com\/?p=53939"},"modified":"2016-07-14T18:17:17","modified_gmt":"2016-07-14T17:17:17","slug":"cuba-y-eeuu-mantienen-hermetica-reunion-sobre-finanzas","status":"publish","type":"post","link":"https:\/\/2horizontes.com\/?p=53939","title":{"rendered":"Cuba y EEUU mantienen herm\u00e9tica reuni\u00f3n sobre finanzas"},"content":{"rendered":"<div class=\"detalle-texto\">\n<div class=\"text\">\n<p><b>LA HABANA.<\/b> Representantes de Cuba y Estados Unidos mantuvieron una reuni\u00f3n a puertas cerradas el martes y mi\u00e9rcoles sobre temas comerciales y financieros en momentos en que la isla reclama poder usar el d\u00f3lar en sus transacciones, tal como lo prometi\u00f3 el presidente Barack Obama hace tres meses.<\/p>\n<p>Seg\u00fan una breve declaraci\u00f3n de la Canciller\u00eda cubana, el encuentro estuvo a cargo de la viceministra de Comercio Exterior y la Inversi\u00f3n Extranjera, Ileana N\u00fa\u00f1ez, y el coordinador de la Oficina de Asuntos Cubanos del Departamento de Estado norteamericano, Mark Wells.<\/p>\n<p>Estos encuentros -este es el tercero de su tipo- entre ambas partes, llamados mecanismo de Di\u00e1logo sobre Temas Regulatorios, fueron acordados en octubre de 2015 para dar seguimiento y observar la evoluci\u00f3n del deshielo entre ambos Estados, cuyas relaciones rotas en la d\u00e9cada de 1960 volvieron a establecerse en diciembre de 2014.<\/p>\n<p>En aquel momento y en ocasiones posteriores, Obama anunci\u00f3 flexibilidades en las sanciones que Washington ha impuesto a la isla por cinco d\u00e9cadas para presionar un cambio en el modelo pol\u00edtico de Cuba, pero el gobierno cubano reclam\u00f3 que el conjunto de las leyes del embargo -las cuales no se pueden retirar si el Congreso no lo autoriza- siguen asfixiando su econom\u00eda.<\/p>\n<p>Un breve comunicado del Departamento de Estado tambi\u00e9n dio cuenta de la reuni\u00f3n del mi\u00e9rcoles.<\/p>\n<p>\u201cLas delegaciones abordaron maneras en que las dos naciones pueden trabajar juntas dentro de las leyes y regulaciones existentes de Estados Unidos\u201d, se afirma en el texto.<\/p>\n<p>La negociadora cubana Josefina Vidal indic\u00f3 el lunes en su cuenta de Twitter que la reuni\u00f3n de estos dos d\u00edas se centrar\u00eda en comercio y finanzas, pero las escuetas notas de la Canciller\u00eda de Cuba y del Departamento de Estado emitidas el mi\u00e9rcoles no ofrecieron detalles.<\/p>\n<p>La semana pasada el presidente Ra\u00fal Castro se quej\u00f3 de que en tres meses, desde que Obama visit\u00f3 la isla en marzo y prometi\u00f3 medidas para que los cubanos puedan usar el d\u00f3lar en sus transacciones, La Habana no ha podido operar en esa moneda, lo que la perjudica a la hora de realizar compras en el mercado internacional que utiliza la divisa estadounidense.<\/p>\n<p>Por su parte, Vidal indic\u00f3 el mi\u00e9rcoles en su cuenta de Twitter que el jueves se llevar\u00e1 a cabo una conversaci\u00f3n migratoria entre ambas partes. Este tipo de di\u00e1logos forman parte de otro mecanismo binacional vigente, incluso desde la \u00e9poca de mayor tensi\u00f3n entre ambos gobiernos para afrontar el problema de los arribos irregulares de cubanos a Estados Unidos al amparo de una ley que ofrece beneficios especiales a los ciudadanos de la isla que logren alcanzar el territorio estadounidense.<\/p>\n<\/div>\n<\/div>\n","protected":false},"excerpt":{"rendered":"<p>LA HABANA. Representantes de Cuba y Estados Unidos mantuvieron una reuni\u00f3n a puertas cerradas el martes y mi\u00e9rcoles sobre temas comerciales y financieros en momentos en que la isla reclama poder usar el d\u00f3lar en sus transacciones, tal como lo prometi\u00f3 el presidente Barack Obama hace tres meses. Seg\u00fan una breve declaraci\u00f3n de la Canciller\u00eda [&hellip;]<\/p>\n","protected":false},"author":13240,"featured_media":41718,"comment_status":"open","ping_status":"open","sticky":false,"template":"","format":"standard","meta":{"footnotes":""},"categories":[49,63,40],"tags":[],"class_list":["post-53939","post","type-post","status-publish","format-standard","has-post-thumbnail","hentry","category-cuba","category-economia","category-internacionales"],"_links":{"self":[{"href":"https:\/\/2horizontes.com\/index.php?rest_route=\/wp\/v2\/posts\/53939","targetHints":{"allow":["GET"]}}],"collection":[{"href":"https:\/\/2horizontes.com\/index.php?rest_route=\/wp\/v2\/posts"}],"about":[{"href":"https:\/\/2horizontes.com\/index.php?rest_route=\/wp\/v2\/types\/post"}],"author":[{"embeddable":true,"href":"https:\/\/2horizontes.com\/index.php?rest_route=\/wp\/v2\/users\/13240"}],"replies":[{"embeddable":true,"href":"https:\/\/2horizontes.com\/index.php?rest_route=%2Fwp%2Fv2%2Fcomments&post=53939"}],"version-history":[{"count":1,"href":"https:\/\/2horizontes.com\/index.php?rest_route=\/wp\/v2\/posts\/53939\/revisions"}],"predecessor-version":[{"id":53941,"href":"https:\/\/2horizontes.com\/index.php?rest_route=\/wp\/v2\/posts\/53939\/revisions\/53941"}],"wp:featuredmedia":[{"embeddable":true,"href":"https:\/\/2horizontes.com\/index.php?rest_route=\/wp\/v2\/media\/41718"}],"wp:attachment":[{"href":"https:\/\/2horizontes.com\/index.php?rest_route=%2Fwp%2Fv2%2Fmedia&parent=53939"}],"wp:term":[{"taxonomy":"category","embeddable":true,"href":"https:\/\/2horizontes.com\/index.php?rest_route=%2Fwp%2Fv2%2Fcategories&post=53939"},{"taxonomy":"post_tag","embeddable":true,"href":"https:\/\/2horizontes.com\/index.php?rest_route=%2Fwp%2Fv2%2Ftags&post=53939"}],"curies":[{"name":"wp","href":"https:\/\/api.w.org\/{rel}","templated":true}]}}