{"id":53916,"date":"2016-07-13T20:05:09","date_gmt":"2016-07-13T19:05:09","guid":{"rendered":"http:\/\/2horizontes.com\/?p=53916"},"modified":"2016-07-13T20:05:09","modified_gmt":"2016-07-13T19:05:09","slug":"presidente-de-la-suprema-favorece-modificar-ley-de-transito-para-endurecer-las-sanciones","status":"publish","type":"post","link":"https:\/\/2horizontes.com\/?p=53916","title":{"rendered":"Presidente de la Suprema favorece modificar Ley de Tr\u00e1nsito para endurecer las sanciones"},"content":{"rendered":"<div class=\"detalle-texto\">\n<div class=\"text\">\n<p>SANTO DOMINGO. El presidente de la Suprema Corte de Justicia, Mariano Germ\u00e1n, se mostr\u00f3 partidario de que la Ley de Tr\u00e1nsito 241, sea modificada y se endurezcan las sanciones para los conductores imprudentes, y abog\u00f3 por el cambio en la cultura del conductor.<\/p>\n<p>Germ\u00e1n fue entrevistado en el Palacio Nacional, donde acudi\u00f3 ayer a reunirse con el presidente Danilo Medina y a su salida dijo que \u201cuna persona que mate a 18 con una patana, arrastrando a otro veh\u00edculo, se desliza y rebasa, y enfrenta otro veh\u00edculo, parece ser que hubo una falta grave, y cuando la negligencia es tan grave se convierte, ya no en un delito de comisi\u00f3n por omisi\u00f3n, sino simplemente en un delito por comisi\u00f3n\u201d.<\/p>\n<p>Dijo que hay ocasiones en que estos veh\u00edculos transitan con los neum\u00e1ticos en mal estado y agreg\u00f3 que ante esta situaci\u00f3n no hay nadie que los detenga.<\/p>\n<p>Asimismo, al pregunt\u00e1rsele sobre la reuni\u00f3n con el presidente Danilo Medina, Germ\u00e1n no revel\u00f3 lo tratado, sin embargo, dijo que espera que para el pr\u00f3ximo a\u00f1o el presupuesto de la Suprema Corte de Justicia sea aumentado.<\/p>\n<p>En otro orden, explic\u00f3 que no se puede referir a los m\u00e1s de siete mil pr\u00f3fugos que se desplazan por las calles del pa\u00eds, \u201cporque esto es un asunto del Ministerio P\u00fablico y no me gusta meterme en asuntos de otro sector\u201d.<\/p>\n<\/div>\n<\/div>\n","protected":false},"excerpt":{"rendered":"<p>SANTO DOMINGO. El presidente de la Suprema Corte de Justicia, Mariano Germ\u00e1n, se mostr\u00f3 partidario de que la Ley de Tr\u00e1nsito 241, sea modificada y se endurezcan las sanciones para los conductores imprudentes, y abog\u00f3 por el cambio en la cultura del conductor. Germ\u00e1n fue entrevistado en el Palacio Nacional, donde acudi\u00f3 ayer a reunirse [&hellip;]<\/p>\n","protected":false},"author":13240,"featured_media":53918,"comment_status":"open","ping_status":"open","sticky":false,"template":"","format":"standard","meta":{"footnotes":""},"categories":[43,44],"tags":[],"class_list":["post-53916","post","type-post","status-publish","format-standard","has-post-thumbnail","hentry","category-politica","category-republica-dominicana"],"_links":{"self":[{"href":"https:\/\/2horizontes.com\/index.php?rest_route=\/wp\/v2\/posts\/53916","targetHints":{"allow":["GET"]}}],"collection":[{"href":"https:\/\/2horizontes.com\/index.php?rest_route=\/wp\/v2\/posts"}],"about":[{"href":"https:\/\/2horizontes.com\/index.php?rest_route=\/wp\/v2\/types\/post"}],"author":[{"embeddable":true,"href":"https:\/\/2horizontes.com\/index.php?rest_route=\/wp\/v2\/users\/13240"}],"replies":[{"embeddable":true,"href":"https:\/\/2horizontes.com\/index.php?rest_route=%2Fwp%2Fv2%2Fcomments&post=53916"}],"version-history":[{"count":1,"href":"https:\/\/2horizontes.com\/index.php?rest_route=\/wp\/v2\/posts\/53916\/revisions"}],"predecessor-version":[{"id":53919,"href":"https:\/\/2horizontes.com\/index.php?rest_route=\/wp\/v2\/posts\/53916\/revisions\/53919"}],"wp:featuredmedia":[{"embeddable":true,"href":"https:\/\/2horizontes.com\/index.php?rest_route=\/wp\/v2\/media\/53918"}],"wp:attachment":[{"href":"https:\/\/2horizontes.com\/index.php?rest_route=%2Fwp%2Fv2%2Fmedia&parent=53916"}],"wp:term":[{"taxonomy":"category","embeddable":true,"href":"https:\/\/2horizontes.com\/index.php?rest_route=%2Fwp%2Fv2%2Fcategories&post=53916"},{"taxonomy":"post_tag","embeddable":true,"href":"https:\/\/2horizontes.com\/index.php?rest_route=%2Fwp%2Fv2%2Ftags&post=53916"}],"curies":[{"name":"wp","href":"https:\/\/api.w.org\/{rel}","templated":true}]}}