{"id":53906,"date":"2016-07-13T19:38:07","date_gmt":"2016-07-13T18:38:07","guid":{"rendered":"http:\/\/2horizontes.com\/?p=53906"},"modified":"2016-07-13T19:38:07","modified_gmt":"2016-07-13T18:38:07","slug":"theresa-may-ya-es-la-nueva-primera-ministra-del-reino-unido","status":"publish","type":"post","link":"https:\/\/2horizontes.com\/?p=53906","title":{"rendered":"Theresa May ya es la nueva primera ministra del Reino Unido"},"content":{"rendered":"<div class=\"detalle-texto\">\n<div class=\"text\">\n<p>LONDRES. La conservadora Theresa May se convirti\u00f3 hoy en la primera ministra del Reino Unido, la segunda mujer en la historia del pa\u00eds en ocupar el cargo, al recibir el mandato de la reina Isabel II para formar Gobierno.<\/p>\n<p>May mantuvo una audiencia con la soberana en el palacio de Buckingham poco despu\u00e9s de que David Cameron presentara su dimisi\u00f3n formal como jefe del Ejecutivo y tomar\u00e1 ahora posesi\u00f3n de la residencia oficial en el n\u00famero 10 de Downing Street.<\/p>\n<p>La primera ministra n\u00famero 76 del Reino Unido mantendr\u00e1 esta tarde una reuni\u00f3n con los responsables de Seguridad e Inteligencia del pa\u00eds, y se espera que designe a los titulares de algunos de los ministerios m\u00e1s importantes de su nuevo Gobierno.<\/p>\n<p>La hasta ahora titular de Interior, que defendi\u00f3 la permanencia en la Uni\u00f3n Europea (UE) durante la campa\u00f1a del refer\u00e9ndum del pasado 23 de junio, afronta la tarea de dise\u00f1ar la hoja de ruta para las negociaciones con Bruselas que establecer\u00e1n los t\u00e9rminos de la ruptura con el bloque comunitario.<\/p>\n<p>La nueva jefa del Ejecutivo, que acudi\u00f3 al palacio de Buckingham acompa\u00f1ada de su esposo, Philip John May, ha avanzado que no tiene intenci\u00f3n de activar al menos hasta final de a\u00f1o el art\u00edculo 50 del Tratado de Lisboa, que inicia la cuenta atr\u00e1s de dos a\u00f1os para hacer efectiva la salida de la UE.<\/p>\n<p>La heredera de Cameron, quien obtuvo una mayor\u00eda absoluta en las urnas para el Partido Conservador en mayo de 2015, ha descartado que tenga intenci\u00f3n de convocar unas elecciones generales antes del t\u00e9rmino oficial de la legislatura, en 2020, a pesar de que los partidos de la oposici\u00f3n han reclamado que se adelanten los comicios.<\/p>\n<p>May tiene asimismo como tarea cerrar las heridas que se han abierto entre los conservadores, una formaci\u00f3n que afront\u00f3 dividida el refer\u00e9ndum sobre el \u201cbrexit\u201d.<\/p>\n<p>La nueva primera ministra fue nombrada el lunes como l\u00edder de los \u201ctories\u201d despu\u00e9s de que su \u00fanica rival tras una segunda ronda de votaciones entre los diputados conservadores, Andrea Leadsom, renunciara a continuar adelante en la carrera por el liderazgo.<\/p>\n<p>Ese paso a un lado ha permitido a May hacerse con la riendas del partido y el Gobierno sin necesidad de someterse a unas elecciones internas entre los 150.000 afiliados de la formaci\u00f3n, como estaba previsto.<\/p>\n<\/div>\n<\/div>\n","protected":false},"excerpt":{"rendered":"<p>LONDRES. La conservadora Theresa May se convirti\u00f3 hoy en la primera ministra del Reino Unido, la segunda mujer en la historia del pa\u00eds en ocupar el cargo, al recibir el mandato de la reina Isabel II para formar Gobierno. May mantuvo una audiencia con la soberana en el palacio de Buckingham poco despu\u00e9s de que [&hellip;]<\/p>\n","protected":false},"author":13240,"featured_media":53908,"comment_status":"open","ping_status":"open","sticky":false,"template":"","format":"standard","meta":{"footnotes":""},"categories":[86,40,43],"tags":[],"class_list":["post-53906","post","type-post","status-publish","format-standard","has-post-thumbnail","hentry","category-europa","category-internacionales","category-politica"],"_links":{"self":[{"href":"https:\/\/2horizontes.com\/index.php?rest_route=\/wp\/v2\/posts\/53906","targetHints":{"allow":["GET"]}}],"collection":[{"href":"https:\/\/2horizontes.com\/index.php?rest_route=\/wp\/v2\/posts"}],"about":[{"href":"https:\/\/2horizontes.com\/index.php?rest_route=\/wp\/v2\/types\/post"}],"author":[{"embeddable":true,"href":"https:\/\/2horizontes.com\/index.php?rest_route=\/wp\/v2\/users\/13240"}],"replies":[{"embeddable":true,"href":"https:\/\/2horizontes.com\/index.php?rest_route=%2Fwp%2Fv2%2Fcomments&post=53906"}],"version-history":[{"count":1,"href":"https:\/\/2horizontes.com\/index.php?rest_route=\/wp\/v2\/posts\/53906\/revisions"}],"predecessor-version":[{"id":53909,"href":"https:\/\/2horizontes.com\/index.php?rest_route=\/wp\/v2\/posts\/53906\/revisions\/53909"}],"wp:featuredmedia":[{"embeddable":true,"href":"https:\/\/2horizontes.com\/index.php?rest_route=\/wp\/v2\/media\/53908"}],"wp:attachment":[{"href":"https:\/\/2horizontes.com\/index.php?rest_route=%2Fwp%2Fv2%2Fmedia&parent=53906"}],"wp:term":[{"taxonomy":"category","embeddable":true,"href":"https:\/\/2horizontes.com\/index.php?rest_route=%2Fwp%2Fv2%2Fcategories&post=53906"},{"taxonomy":"post_tag","embeddable":true,"href":"https:\/\/2horizontes.com\/index.php?rest_route=%2Fwp%2Fv2%2Ftags&post=53906"}],"curies":[{"name":"wp","href":"https:\/\/api.w.org\/{rel}","templated":true}]}}