{"id":53874,"date":"2016-07-12T20:29:35","date_gmt":"2016-07-12T19:29:35","guid":{"rendered":"http:\/\/2horizontes.com\/?p=53874"},"modified":"2016-07-12T20:29:35","modified_gmt":"2016-07-12T19:29:35","slug":"alvaro-uribe-la-tirania-de-venezuela-es-un-desastre","status":"publish","type":"post","link":"https:\/\/2horizontes.com\/?p=53874","title":{"rendered":"\u00c1lvaro \u00daribe: \u00abLa tiran\u00eda de Venezuela es un desastre\u00bb"},"content":{"rendered":"<p>El ex presidente colombiano \u00c1lvaro \u00daribe asegur\u00f3 hoy en Roma que, en el \u00e1mbito latinoamericano, Venezuela representa una angustia.<\/p>\n<p>Asegur\u00f3 que \u00abla tiran\u00eda de Venezuela es un desastre\u00bb y critic\u00f3 los efectos que, en su opini\u00f3n, ha tenido el chavismo.<\/p>\n<p>Estos son el aumento de los homicidios, la \u00abdestrucci\u00f3n de la empresa privada\u00bb, la expropiaci\u00f3n de m\u00e1s de cinco millones de hect\u00e1reas y una serie de pol\u00edticas que, considera, hacen que Venezuela tenga que importar \u00a080 % de los alimentos que consume.<\/p>\n<p>\u00abEl pa\u00eds est\u00e1 en una tremenda crisis humanitaria. Tienen gran cantidad de personas de la oposici\u00f3n en la c\u00e1rcel. La tiran\u00eda de Venezuela tiene que ser confrontada\u00bb, asever\u00f3.<\/p>\n<p>En este sentido, dijo que \u00abes necesario que el mundo democr\u00e1tico apoye a la oposici\u00f3n democr\u00e1tica de Venezuela para que este a\u00f1o haya el refer\u00e9ndum revocatorio\u00bb del presidente Nicol\u00e1s Maduro.<\/p>\n<p>Para Uribe, Macri representa \u00abla esperanza\u00bb en el subcontinente debido a que est\u00e1 aplicando \u00ablos cinco principios democr\u00e1ticos\u00bb: la lucha por un pa\u00eds seguro, con confianza de inversi\u00f3n, con pol\u00edticas sociales y con respeto a la independencia de las instituciones y al pluralismo participativo.<\/p>\n<p>\u00abMacri es una esperanza, Venezuela una angustia, Colombia una preocupaci\u00f3n\u00bb, dijo el exmandatario en un acto celebrado en Roma, donde se ha reunido con diferentes exponentes pol\u00edticos y con el secretario de Estado Vaticano, Pietro Parolin.<\/p>\n<p>\u00abColombia es una preocupaci\u00f3n porque el actual presidente era la voz m\u00e1s cr\u00edtica contra la dictadura de Venezuela y hoy hace parte del club de Gobiernos que aprueban todos los actos de la tiran\u00eda de Venezuela\u00bb, defendi\u00f3.<\/p>\n","protected":false},"excerpt":{"rendered":"<p>El ex presidente colombiano \u00c1lvaro \u00daribe asegur\u00f3 hoy en Roma que, en el \u00e1mbito latinoamericano, Venezuela representa una angustia. Asegur\u00f3 que \u00abla tiran\u00eda de Venezuela es un desastre\u00bb y critic\u00f3 los efectos que, en su opini\u00f3n, ha tenido el chavismo. Estos son el aumento de los homicidios, la \u00abdestrucci\u00f3n de la empresa privada\u00bb, la expropiaci\u00f3n [&hellip;]<\/p>\n","protected":false},"author":13240,"featured_media":53875,"comment_status":"open","ping_status":"open","sticky":false,"template":"","format":"standard","meta":{"footnotes":""},"categories":[50,43,48],"tags":[],"class_list":["post-53874","post","type-post","status-publish","format-standard","has-post-thumbnail","hentry","category-colombia","category-politica","category-venezuela"],"_links":{"self":[{"href":"https:\/\/2horizontes.com\/index.php?rest_route=\/wp\/v2\/posts\/53874","targetHints":{"allow":["GET"]}}],"collection":[{"href":"https:\/\/2horizontes.com\/index.php?rest_route=\/wp\/v2\/posts"}],"about":[{"href":"https:\/\/2horizontes.com\/index.php?rest_route=\/wp\/v2\/types\/post"}],"author":[{"embeddable":true,"href":"https:\/\/2horizontes.com\/index.php?rest_route=\/wp\/v2\/users\/13240"}],"replies":[{"embeddable":true,"href":"https:\/\/2horizontes.com\/index.php?rest_route=%2Fwp%2Fv2%2Fcomments&post=53874"}],"version-history":[{"count":1,"href":"https:\/\/2horizontes.com\/index.php?rest_route=\/wp\/v2\/posts\/53874\/revisions"}],"predecessor-version":[{"id":53876,"href":"https:\/\/2horizontes.com\/index.php?rest_route=\/wp\/v2\/posts\/53874\/revisions\/53876"}],"wp:featuredmedia":[{"embeddable":true,"href":"https:\/\/2horizontes.com\/index.php?rest_route=\/wp\/v2\/media\/53875"}],"wp:attachment":[{"href":"https:\/\/2horizontes.com\/index.php?rest_route=%2Fwp%2Fv2%2Fmedia&parent=53874"}],"wp:term":[{"taxonomy":"category","embeddable":true,"href":"https:\/\/2horizontes.com\/index.php?rest_route=%2Fwp%2Fv2%2Fcategories&post=53874"},{"taxonomy":"post_tag","embeddable":true,"href":"https:\/\/2horizontes.com\/index.php?rest_route=%2Fwp%2Fv2%2Ftags&post=53874"}],"curies":[{"name":"wp","href":"https:\/\/api.w.org\/{rel}","templated":true}]}}