{"id":5387,"date":"2015-05-01T11:41:14","date_gmt":"2015-05-01T10:41:14","guid":{"rendered":"http:\/\/2horizontes.com\/?p=5387"},"modified":"2015-05-01T11:42:30","modified_gmt":"2015-05-01T10:42:30","slug":"someteran-a-la-justicia-a-choferes-boca-chica-amenazaron-a-ninos","status":"publish","type":"post","link":"https:\/\/2horizontes.com\/?p=5387","title":{"rendered":"Someter\u00e1n a la Justicia a ch\u00f3feres Boca Chica amenazaron a ni\u00f1os"},"content":{"rendered":"<p class=\"DETALLE_N_titulo \">Santo Domingo, 30 abr (EFE).- La fiscal de la provincia Santo Domingo, Olga Din\u00e1 Llaver\u00edas, inform\u00f3 que solicitar\u00e1 este viernes medidas de coerci\u00f3n contra 12 ch\u00f3feres y ayudantes de los sindicatos de transporte de Boca Chica Sichoproboch y Asochombca, que amenazaron con quemar un autob\u00fas que trasladaba a m\u00e1s 50 ni\u00f1os y profesores del Colegio Evang\u00e9lico Episcopal, cuando se dirig\u00edan a la Feria del Libro, porque el veh\u00edculo no pertenec\u00eda a estos sindicatos.<\/p>\n<div id=\"texto\" class=\"texto_txt\">\n<div class=\"DETALLE_N_texto \">\n<p><span id=\"ctl14_lblMostra\">Din\u00e1 Llaver\u00edas dijo en rueda de prensa, acompa\u00f1ada del juez Marcos Rosario, que las autoridades han apresado a 12 de los choferes involucrados en el incidente y que ma\u00f1ana podr\u00edan apresar a otros.<\/span><\/p>\n<p>La fiscal de la provincia de Santo Domingo conden\u00f3 la acci\u00f3n de los ch\u00f3feres y dijo que podr\u00edan enfrentar penas de hasta 30 a\u00f1os, bajo acusaciones de secuestro, violaci\u00f3n de los derechos de ni\u00f1os, ni\u00f1as y adolescentes y de entorpecer el libretr\u00e1nsito.<\/p>\n<p>El veh\u00edculo fue interceptado por los ch\u00f3feres en el kil\u00f3metro 25 de la autopista de Las Am\u00e9ricas, obligando a los estudiantes y educadores a bajar del autob\u00fas bajo la amenaza de romperle los cristales o pegarle fuego.<\/p>\n<p>De acuerdo a un testimonio de la profesora Omni P\u00e9rez, la acci\u00f3n fue en protesta porque el centro docente no contrat\u00f3 los servicios de transporte de uno de los dos sindicatos.<\/p>\n<p>La docente precis\u00f3 que los choferes le cruzaron guaguas en plena autopista, y haciendo caso omiso a los reclamos de agentes de la Polic\u00eda Nacional y de la Autoridad Metropolitana de Transporte (Amet), que acudieron al lugar a intentar resolver la situaci\u00f3n.<\/p>\n<p>La acci\u00f3n vand\u00e1lica fue condenada por autoridades dominicanas y funcionarios de organismos internacionales, que llamaron la atenci\u00f3n sobre lo ocurrido.<\/p>\n<p>La primera dama C\u00e1ndida Montilla de Medina, tras manifestar su repulsa por lo ocurrido, se pregunt\u00f3 \u201c\u00bfQu\u00e9 mujer que sea madre no va a sentirse mal cuando se act\u00faa contra un ni\u00f1o?\u201d y destac\u00f3 que los peque\u00f1os \u201cson lo m\u00e1s puro que tenemos, y nosotros debemos protegerlos\u201d.<\/p>\n<p>Por su parte, la vicepresidenta Margarita Cede\u00f1o de Fern\u00e1ndez consider\u00f3 que no hay raz\u00f3n que justifique someter a unos ni\u00f1os al terror, y pidi\u00f3 al jefe de la Polic\u00eda Nacional y al Ministerio P\u00fablico, que tome medidas para solicitar una sanci\u00f3n ejemplar a este hecho \u201cdetestable\u201d.<\/p>\n<p>A trav\u00e9s de su cuenta en la red social \u201cTwitter\u201d, Cede\u00f1o inst\u00f3 a toda la sociedad a condenar este hecho inexcusable repleto de \u201cmaldad\u201d y \u201calevos\u00eda\u201d, y que constituye una \u201catrocidad\u201d cometida por parte de \u201cv\u00e1ndalos sindicalistas del transporte\u201d, manifest\u00f3.<\/p>\n<p>Mientras, la representante en la Oficina de Unicef en Rep\u00fablica Dominicana, Mar\u00eda Jes\u00fas Conde, tambi\u00e9n conden\u00f3 los hechos, que calific\u00f3 de \u201caut\u00e9ntica barbaridad\u201d, y que defini\u00f3 como \u201cun acto de violaci\u00f3n e intimidaci\u00f3n contra un grupo de ni\u00f1os\u201d.EFE<\/p>\n<p><strong>Director OTTT condena acci\u00f3n<\/strong><\/p>\n<\/div>\n<\/div>\n<p><img loading=\"lazy\" decoding=\"async\" class=\" wp-image-95775\" src=\"http:\/\/almomento.net\/wp-content\/uploads\/2015\/05\/H%C3%A9ctor-Mojica.jpeg\" alt=\"H\u00e9ctor Mojica\" width=\"365\" height=\"243\" \/><\/p>\n<p class=\"DETALLE_N_titulo \">El director general de la Oficina T\u00e9cnica de Transporte Terrestre (OTTT), H\u00e9ctor Mojica, dijo ayer que condena\u00a0\u201cde manera tajane\u201d estos hechos e inform\u00f3 que ha citado a dirigentes de dichos sindicatos para el pr\u00f3ximo martes a las 9 de la ma\u00f1ana, para profundizar la investigaci\u00f3n de los mismos.<\/p>\n<p class=\"DETALLE_N_titulo \">Mojica explic\u00f3 que es un abuso siquiera pensar en retener un veh\u00edculo de un colegio donde van ni\u00f1os y mucho menos amenazar con quemarlo, en protesta porque el centro docente no contrat\u00f3 los servicios de transporte de uno de los dos sindicatos.<\/p>\n<div id=\"texto\" class=\"texto_txt\">\n<div class=\"DETALLE_N_texto \">\n<p>Indic\u00f3 que tomar\u00e1n medidas contra esos sindicatos que pertenecen al transporte interurbano de pasajeros, debido a que nadie tiene derecho a impedir la libre elecci\u00f3n del transporte en la Rep\u00fablica Dominicana.<\/p>\n<p>\u201cMe imagino todo lo que pasaron esos pobres muchachos, quiz\u00e1s con el deseo de compartir con sus compa\u00f1eros en la Feria del Libro, juntos a sus maestros al verse obligados a bajar del veh\u00edculo con amenazas de romperles los cristales y provocar otros da\u00f1os\u201d, dijo Mojica.<\/p>\n<\/div>\n<\/div>\n","protected":false},"excerpt":{"rendered":"<p>Santo Domingo, 30 abr (EFE).- La fiscal de la provincia Santo Domingo, Olga Din\u00e1 Llaver\u00edas, inform\u00f3 que solicitar\u00e1 este viernes medidas de coerci\u00f3n contra 12 ch\u00f3feres y ayudantes de los sindicatos de transporte de Boca Chica Sichoproboch y Asochombca, que amenazaron con quemar un autob\u00fas que trasladaba a m\u00e1s 50 ni\u00f1os y profesores del Colegio [&hellip;]<\/p>\n","protected":false},"author":4,"featured_media":5271,"comment_status":"open","ping_status":"open","sticky":false,"template":"","format":"standard","meta":{"footnotes":""},"categories":[44],"tags":[],"class_list":["post-5387","post","type-post","status-publish","format-standard","has-post-thumbnail","hentry","category-republica-dominicana"],"_links":{"self":[{"href":"https:\/\/2horizontes.com\/index.php?rest_route=\/wp\/v2\/posts\/5387","targetHints":{"allow":["GET"]}}],"collection":[{"href":"https:\/\/2horizontes.com\/index.php?rest_route=\/wp\/v2\/posts"}],"about":[{"href":"https:\/\/2horizontes.com\/index.php?rest_route=\/wp\/v2\/types\/post"}],"author":[{"embeddable":true,"href":"https:\/\/2horizontes.com\/index.php?rest_route=\/wp\/v2\/users\/4"}],"replies":[{"embeddable":true,"href":"https:\/\/2horizontes.com\/index.php?rest_route=%2Fwp%2Fv2%2Fcomments&post=5387"}],"version-history":[{"count":1,"href":"https:\/\/2horizontes.com\/index.php?rest_route=\/wp\/v2\/posts\/5387\/revisions"}],"predecessor-version":[{"id":5388,"href":"https:\/\/2horizontes.com\/index.php?rest_route=\/wp\/v2\/posts\/5387\/revisions\/5388"}],"wp:featuredmedia":[{"embeddable":true,"href":"https:\/\/2horizontes.com\/index.php?rest_route=\/wp\/v2\/media\/5271"}],"wp:attachment":[{"href":"https:\/\/2horizontes.com\/index.php?rest_route=%2Fwp%2Fv2%2Fmedia&parent=5387"}],"wp:term":[{"taxonomy":"category","embeddable":true,"href":"https:\/\/2horizontes.com\/index.php?rest_route=%2Fwp%2Fv2%2Fcategories&post=5387"},{"taxonomy":"post_tag","embeddable":true,"href":"https:\/\/2horizontes.com\/index.php?rest_route=%2Fwp%2Fv2%2Ftags&post=5387"}],"curies":[{"name":"wp","href":"https:\/\/api.w.org\/{rel}","templated":true}]}}