{"id":53848,"date":"2016-07-12T12:47:19","date_gmt":"2016-07-12T11:47:19","guid":{"rendered":"http:\/\/2horizontes.com\/?p=53848"},"modified":"2016-07-12T12:47:19","modified_gmt":"2016-07-12T11:47:19","slug":"un-bebe-de-ano-y-medio-grave-al-caer-desde-ventana-de-un-tercer-piso-en-rubi","status":"publish","type":"post","link":"https:\/\/2horizontes.com\/?p=53848","title":{"rendered":"Un beb\u00e9 de a\u00f1o y medio, grave al caer desde ventana de un tercer piso en Rub\u00ed"},"content":{"rendered":"<p>Un beb\u00e9 de un a\u00f1o y medio se encuentra grave despu\u00e9s de que este lunes cayera al vac\u00edo desde la ventana de un tercer piso en Rub\u00ed (Barcelona). Fuentes municipales han informado de que los hechos sucedieron ayer al mediod\u00eda en un edificio de la calle Calder\u00f3n de la Barca de Rub\u00ed.<\/p>\n<p>Los Mossos d&#8217;Esquadra han explicado que todo apunta a que el menor se precipit\u00f3 al vac\u00edo de forma accidental. El beb\u00e9 fue trasladado en helic\u00f3ptero al Hospital Parc Taul\u00ed de Sabadell (Barcelona) en estado grave.<\/p>\n","protected":false},"excerpt":{"rendered":"<p>Un beb\u00e9 de un a\u00f1o y medio se encuentra grave despu\u00e9s de que este lunes cayera al vac\u00edo desde la ventana de un tercer piso en Rub\u00ed (Barcelona). Fuentes municipales han informado de que los hechos sucedieron ayer al mediod\u00eda en un edificio de la calle Calder\u00f3n de la Barca de Rub\u00ed. Los Mossos d&#8217;Esquadra [&hellip;]<\/p>\n","protected":false},"author":3,"featured_media":53849,"comment_status":"open","ping_status":"open","sticky":false,"template":"","format":"standard","meta":{"footnotes":""},"categories":[85],"tags":[],"class_list":["post-53848","post","type-post","status-publish","format-standard","has-post-thumbnail","hentry","category-espana"],"_links":{"self":[{"href":"https:\/\/2horizontes.com\/index.php?rest_route=\/wp\/v2\/posts\/53848","targetHints":{"allow":["GET"]}}],"collection":[{"href":"https:\/\/2horizontes.com\/index.php?rest_route=\/wp\/v2\/posts"}],"about":[{"href":"https:\/\/2horizontes.com\/index.php?rest_route=\/wp\/v2\/types\/post"}],"author":[{"embeddable":true,"href":"https:\/\/2horizontes.com\/index.php?rest_route=\/wp\/v2\/users\/3"}],"replies":[{"embeddable":true,"href":"https:\/\/2horizontes.com\/index.php?rest_route=%2Fwp%2Fv2%2Fcomments&post=53848"}],"version-history":[{"count":1,"href":"https:\/\/2horizontes.com\/index.php?rest_route=\/wp\/v2\/posts\/53848\/revisions"}],"predecessor-version":[{"id":53850,"href":"https:\/\/2horizontes.com\/index.php?rest_route=\/wp\/v2\/posts\/53848\/revisions\/53850"}],"wp:featuredmedia":[{"embeddable":true,"href":"https:\/\/2horizontes.com\/index.php?rest_route=\/wp\/v2\/media\/53849"}],"wp:attachment":[{"href":"https:\/\/2horizontes.com\/index.php?rest_route=%2Fwp%2Fv2%2Fmedia&parent=53848"}],"wp:term":[{"taxonomy":"category","embeddable":true,"href":"https:\/\/2horizontes.com\/index.php?rest_route=%2Fwp%2Fv2%2Fcategories&post=53848"},{"taxonomy":"post_tag","embeddable":true,"href":"https:\/\/2horizontes.com\/index.php?rest_route=%2Fwp%2Fv2%2Ftags&post=53848"}],"curies":[{"name":"wp","href":"https:\/\/api.w.org\/{rel}","templated":true}]}}