{"id":53705,"date":"2016-07-07T18:30:18","date_gmt":"2016-07-07T17:30:18","guid":{"rendered":"http:\/\/2horizontes.com\/?p=53705"},"modified":"2016-07-07T18:30:18","modified_gmt":"2016-07-07T17:30:18","slug":"atrapados-mas-de-dos-horas-en-un-tren-entre-vandellos-y-latmella-de-mar-por-un-corte-de-tension","status":"publish","type":"post","link":"https:\/\/2horizontes.com\/?p=53705","title":{"rendered":"Atrapados m\u00e1s de dos horas en un tren entre Vandell\u00f2s y l\u2019Atmella de Mar por un corte de tensi\u00f3n"},"content":{"rendered":"<p>Unos 200 pasajeros de un tren que cubr\u00eda el trayecto esta ma\u00f1ana entre Tortosa y la estaci\u00f3n de Fran\u00e7a han tenido que armarse de paciencia. El convoy, que ha salido a las 7.48 horas de la ma\u00f1ana, se ha quedado parado hacia las 8.15 horas en la bifurcaci\u00f3n Calafat, entre Vandell\u00f2s (Baix Camp) l\u2019Ametlla de Mar (Baix Ebre), a causa de un corte de tensi\u00f3n. \u201cOtra vez, en medio de la nada.<\/p>\n<p>Este ha sido el comentario que m\u00e1s se ha podido escuchar entre los desafortunados usuarios de Renfe. Despu\u00e9s de m\u00e1s de dos horas de espera, la circulaci\u00f3n de trenes por este tramo continuaba interrumpida y los pasajeros han tenido que ser evacuados. A las 11.08 horas los t\u00e9cnicos de Adif han solucionado la aver\u00eda en la catenaria que ha provocado la incidencia, localizada entre L\u2019Hospitalet de L\u2019Infant y L\u2019Ametlla y el servicio ha vuelto a la normalidad de manera progresiva, seg\u00fan ha informado Renfe.<\/p>\n<p>El par\u00f3n del convoy tambi\u00e9n ha afectado a los dem\u00e1s trenes de la l\u00ednea R16 -que une Tortosa con Barcelona- y a los de larga distancia que pasan por esta zona del corredor mediterr\u00e1neo, cuyos pasajeros han tenido que hacer trasbordo por carretera.<\/p>\n<p>La compa\u00f1\u00eda ha enviado un tren di\u00e9sel para remolcar el convoy atrapado en la bifurcaci\u00f3n de Calafat, seg\u00fan ha explicado la compa\u00f1\u00eda a usuarios que la interpelaban a trav\u00e9s de Twitter. Sin embargo, despu\u00e9s de m\u00e1s de dos horas de espera, los viajeros han tenido que bajarse del tren en una zona de dif\u00edcil acceso para ser evacuados.<\/p>\n<p>Los usuarios han ido andando por su propio pie a trav\u00e9s de las v\u00edas hasta llegar a la altura de la playa de l\u2019Almadrava, tal como demuestran las im\u00e1genes colgadas por los propios usuarios en Twitter y tal como ha informado Renfe y Bombers de la Generalitat, que han tenido que intervenir con tres dotaciones para socorrer a los viajeros afectados. La previsi\u00f3n es que estos 200 usuarios de Renfe lleguen a su destino en autocar.<\/p>\n","protected":false},"excerpt":{"rendered":"<p>Unos 200 pasajeros de un tren que cubr\u00eda el trayecto esta ma\u00f1ana entre Tortosa y la estaci\u00f3n de Fran\u00e7a han tenido que armarse de paciencia. El convoy, que ha salido a las 7.48 horas de la ma\u00f1ana, se ha quedado parado hacia las 8.15 horas en la bifurcaci\u00f3n Calafat, entre Vandell\u00f2s (Baix Camp) l\u2019Ametlla de [&hellip;]<\/p>\n","protected":false},"author":3,"featured_media":53706,"comment_status":"open","ping_status":"open","sticky":false,"template":"","format":"standard","meta":{"footnotes":""},"categories":[40],"tags":[],"class_list":["post-53705","post","type-post","status-publish","format-standard","has-post-thumbnail","hentry","category-internacionales"],"_links":{"self":[{"href":"https:\/\/2horizontes.com\/index.php?rest_route=\/wp\/v2\/posts\/53705","targetHints":{"allow":["GET"]}}],"collection":[{"href":"https:\/\/2horizontes.com\/index.php?rest_route=\/wp\/v2\/posts"}],"about":[{"href":"https:\/\/2horizontes.com\/index.php?rest_route=\/wp\/v2\/types\/post"}],"author":[{"embeddable":true,"href":"https:\/\/2horizontes.com\/index.php?rest_route=\/wp\/v2\/users\/3"}],"replies":[{"embeddable":true,"href":"https:\/\/2horizontes.com\/index.php?rest_route=%2Fwp%2Fv2%2Fcomments&post=53705"}],"version-history":[{"count":1,"href":"https:\/\/2horizontes.com\/index.php?rest_route=\/wp\/v2\/posts\/53705\/revisions"}],"predecessor-version":[{"id":53707,"href":"https:\/\/2horizontes.com\/index.php?rest_route=\/wp\/v2\/posts\/53705\/revisions\/53707"}],"wp:featuredmedia":[{"embeddable":true,"href":"https:\/\/2horizontes.com\/index.php?rest_route=\/wp\/v2\/media\/53706"}],"wp:attachment":[{"href":"https:\/\/2horizontes.com\/index.php?rest_route=%2Fwp%2Fv2%2Fmedia&parent=53705"}],"wp:term":[{"taxonomy":"category","embeddable":true,"href":"https:\/\/2horizontes.com\/index.php?rest_route=%2Fwp%2Fv2%2Fcategories&post=53705"},{"taxonomy":"post_tag","embeddable":true,"href":"https:\/\/2horizontes.com\/index.php?rest_route=%2Fwp%2Fv2%2Ftags&post=53705"}],"curies":[{"name":"wp","href":"https:\/\/api.w.org\/{rel}","templated":true}]}}