{"id":53671,"date":"2016-07-05T15:00:34","date_gmt":"2016-07-05T14:00:34","guid":{"rendered":"http:\/\/2horizontes.com\/?p=53671"},"modified":"2016-07-05T15:00:34","modified_gmt":"2016-07-05T14:00:34","slug":"embajadora-de-costa-rica-en-r-d-renuncia","status":"publish","type":"post","link":"https:\/\/2horizontes.com\/?p=53671","title":{"rendered":"Embajadora de Costa Rica en R.D. renuncia"},"content":{"rendered":"<div id=\"ArticleAuthorDiv\" class=\"article-body-author\"><b>EFE<\/b><\/div>\n<div id=\"ArticleSourceDiv\" class=\"article-body-author\"><b>San Jos\u00e9<\/b><\/div>\n<div id=\"ArticleBody\">\n<p>La Canciller\u00eda de Costa Rica inform\u00f3 que la embajadora de este pa\u00eds ante Rep\u00fablica Dominicana, Zaida Z\u00fa\u00f1iga, present\u00f3 ayer su renuncia al cargo en medio de una pol\u00e9mica por su nombramiento.<\/p>\n<p>Z\u00fa\u00f1iga present\u00f3 ayer su carta de renuncia a solicitud del Gobierno y su dimisi\u00f3n se har\u00e1 efectiva a partir del 15 de agosto pr\u00f3ximo con el fin de que concluya proyectos pendientes en la embajada, indic\u00f3 la Canciller\u00eda en un comunicado.<\/p>\n<p>Desde la semana pasada medios locales han informado que la diplom\u00e1tica se encuentra jubilada y suspendi\u00f3 esa condici\u00f3n para asumir el cargo de embajadora en febrero pasado, lo que tambi\u00e9n le puede incrementar el monto econ\u00f3mico que recibir\u00e1 de su pensi\u00f3n en el futuro.<\/p>\n<p>Suspender la jubilaci\u00f3n para ejercer un cargo en el Gobierno es un tr\u00e1mite permitido en las leyes del pa\u00eds.<\/p>\n<p>\u201cEsta Administraci\u00f3n y especialmente, con los cambios que se han impulsado en esta Canciller\u00eda, no ha privilegiado ni va a favorecer a ninguna persona por medio de un nombramiento o beneficios futuros que ese nombramiento puede generar\u201d, declar\u00f3 en el comunicado el canciller, Manuel Gonz\u00e1lez.<\/p>\n<p>La Canciller\u00eda asegur\u00f3 que el proceso que se llev\u00f3 a cabo para nombrar a Z\u00fa\u00f1iga se realiz\u00f3 \u201cen estricto apego a la legalidad\u201d.<\/p>\n<\/div>\n","protected":false},"excerpt":{"rendered":"<p>EFE San Jos\u00e9 La Canciller\u00eda de Costa Rica inform\u00f3 que la embajadora de este pa\u00eds ante Rep\u00fablica Dominicana, Zaida Z\u00fa\u00f1iga, present\u00f3 ayer su renuncia al cargo en medio de una pol\u00e9mica por su nombramiento. Z\u00fa\u00f1iga present\u00f3 ayer su carta de renuncia a solicitud del Gobierno y su dimisi\u00f3n se har\u00e1 efectiva a partir del 15 [&hellip;]<\/p>\n","protected":false},"author":7,"featured_media":53672,"comment_status":"open","ping_status":"open","sticky":false,"template":"","format":"standard","meta":{"footnotes":""},"categories":[40],"tags":[],"class_list":["post-53671","post","type-post","status-publish","format-standard","has-post-thumbnail","hentry","category-internacionales"],"_links":{"self":[{"href":"https:\/\/2horizontes.com\/index.php?rest_route=\/wp\/v2\/posts\/53671","targetHints":{"allow":["GET"]}}],"collection":[{"href":"https:\/\/2horizontes.com\/index.php?rest_route=\/wp\/v2\/posts"}],"about":[{"href":"https:\/\/2horizontes.com\/index.php?rest_route=\/wp\/v2\/types\/post"}],"author":[{"embeddable":true,"href":"https:\/\/2horizontes.com\/index.php?rest_route=\/wp\/v2\/users\/7"}],"replies":[{"embeddable":true,"href":"https:\/\/2horizontes.com\/index.php?rest_route=%2Fwp%2Fv2%2Fcomments&post=53671"}],"version-history":[{"count":1,"href":"https:\/\/2horizontes.com\/index.php?rest_route=\/wp\/v2\/posts\/53671\/revisions"}],"predecessor-version":[{"id":53673,"href":"https:\/\/2horizontes.com\/index.php?rest_route=\/wp\/v2\/posts\/53671\/revisions\/53673"}],"wp:featuredmedia":[{"embeddable":true,"href":"https:\/\/2horizontes.com\/index.php?rest_route=\/wp\/v2\/media\/53672"}],"wp:attachment":[{"href":"https:\/\/2horizontes.com\/index.php?rest_route=%2Fwp%2Fv2%2Fmedia&parent=53671"}],"wp:term":[{"taxonomy":"category","embeddable":true,"href":"https:\/\/2horizontes.com\/index.php?rest_route=%2Fwp%2Fv2%2Fcategories&post=53671"},{"taxonomy":"post_tag","embeddable":true,"href":"https:\/\/2horizontes.com\/index.php?rest_route=%2Fwp%2Fv2%2Ftags&post=53671"}],"curies":[{"name":"wp","href":"https:\/\/api.w.org\/{rel}","templated":true}]}}