{"id":5361,"date":"2015-05-01T00:20:03","date_gmt":"2015-04-30T23:20:03","guid":{"rendered":"http:\/\/2horizontes.com\/?p=5361"},"modified":"2015-05-01T00:20:03","modified_gmt":"2015-04-30T23:20:03","slug":"chile-nueva-erupcion-del-volcan-calbuco","status":"publish","type":"post","link":"https:\/\/2horizontes.com\/?p=5361","title":{"rendered":"Chile: nueva erupci\u00f3n del volc\u00e1n Calbuco"},"content":{"rendered":"<p class=\"story-body__introduction\">El volc\u00e1n Calbuco, situado en el sur de Chile, volvi\u00f3 a entrar en erupci\u00f3n este jueves despu\u00e9s de unos d\u00edas de relativa calma.<\/p>\n<p>Es la tercera vez en una semana que el volc\u00e1n hace erupci\u00f3n, despu\u00e9s de que el pasado 24 de abril lo hiciera por primera vez en cuatro d\u00e9cadas.<\/p>\n<p>Lea tambi\u00e9n: Ensenada, el pueblo de Chile que qued\u00f3 enterrado por las cenizas del volc\u00e1n Calbuco<\/p>\n<p>Desde Chile, el colaborador de la BBC Gideon Long informa que, tras unos d\u00edas dormido, el volc\u00e1n revivi\u00f3 poco despu\u00e9s del mediod\u00eda, hora local, lanzando una gran columna de humo y cenizas al aire.<\/p>\n<p>El gobierno chileno orden\u00f3 la evacuaci\u00f3n de m\u00e1s de 5.000 personas de la zona, algunas de las cuales acababan de regresar a sus casas tras la erupci\u00f3n de la pasada semana.<\/p>\n<p>En esta ocasi\u00f3n, explica Long, la ceniza circula hacia el sureste, sobre la ciudad de Cocham\u00f3 y hacia el sur de Argentina.<\/p>\n<figure class=\"media-landscape full-width has-caption\"><img loading=\"lazy\" decoding=\"async\" class=\"js-image-replace\" src=\"http:\/\/ichef.bbci.co.uk\/news\/ws\/624\/amz\/worldservice\/live\/assets\/images\/2015\/04\/30\/150430225400_sp_calbuco_vulcano_chile_624x351_reuters.jpg\" alt=\"Cercan\u00edas del volc\u00e1n Calbuco\" width=\"624\" height=\"351\" \/><figcaption class=\"media-caption\"><span class=\"media-caption__text\">E pulso de erupci\u00f3n del volc\u00e1n ha sido menor que la semana pasada.<\/span><\/figcaption><\/figure>\n<p>\u00abEsta situaci\u00f3n de riesgo a\u00fan no ha terminado y quiz\u00e1s lo m\u00e1s lamentable es que est\u00e1 afectando a nuevos sectores que no se hab\u00edan visto afectados, especialmente la zona de Cocham\u00f3\u00bb, se\u00f1al\u00f3 el ministro del Interior chileno, Rodrigo Pe\u00f1ailillo.<\/p>\n<p>Se teme que la nueva erupci\u00f3n cause problemas a los agricultores de la regi\u00f3n as\u00ed como nuevos trastornos en los vuelos.<\/p>\n","protected":false},"excerpt":{"rendered":"<p>El volc\u00e1n Calbuco, situado en el sur de Chile, volvi\u00f3 a entrar en erupci\u00f3n este jueves despu\u00e9s de unos d\u00edas de relativa calma. Es la tercera vez en una semana que el volc\u00e1n hace erupci\u00f3n, despu\u00e9s de que el pasado 24 de abril lo hiciera por primera vez en cuatro d\u00e9cadas. Lea tambi\u00e9n: Ensenada, el [&hellip;]<\/p>\n","protected":false},"author":4,"featured_media":5362,"comment_status":"open","ping_status":"open","sticky":false,"template":"","format":"standard","meta":{"footnotes":""},"categories":[40],"tags":[],"class_list":["post-5361","post","type-post","status-publish","format-standard","has-post-thumbnail","hentry","category-internacionales"],"_links":{"self":[{"href":"https:\/\/2horizontes.com\/index.php?rest_route=\/wp\/v2\/posts\/5361","targetHints":{"allow":["GET"]}}],"collection":[{"href":"https:\/\/2horizontes.com\/index.php?rest_route=\/wp\/v2\/posts"}],"about":[{"href":"https:\/\/2horizontes.com\/index.php?rest_route=\/wp\/v2\/types\/post"}],"author":[{"embeddable":true,"href":"https:\/\/2horizontes.com\/index.php?rest_route=\/wp\/v2\/users\/4"}],"replies":[{"embeddable":true,"href":"https:\/\/2horizontes.com\/index.php?rest_route=%2Fwp%2Fv2%2Fcomments&post=5361"}],"version-history":[{"count":1,"href":"https:\/\/2horizontes.com\/index.php?rest_route=\/wp\/v2\/posts\/5361\/revisions"}],"predecessor-version":[{"id":5363,"href":"https:\/\/2horizontes.com\/index.php?rest_route=\/wp\/v2\/posts\/5361\/revisions\/5363"}],"wp:featuredmedia":[{"embeddable":true,"href":"https:\/\/2horizontes.com\/index.php?rest_route=\/wp\/v2\/media\/5362"}],"wp:attachment":[{"href":"https:\/\/2horizontes.com\/index.php?rest_route=%2Fwp%2Fv2%2Fmedia&parent=5361"}],"wp:term":[{"taxonomy":"category","embeddable":true,"href":"https:\/\/2horizontes.com\/index.php?rest_route=%2Fwp%2Fv2%2Fcategories&post=5361"},{"taxonomy":"post_tag","embeddable":true,"href":"https:\/\/2horizontes.com\/index.php?rest_route=%2Fwp%2Fv2%2Ftags&post=5361"}],"curies":[{"name":"wp","href":"https:\/\/api.w.org\/{rel}","templated":true}]}}