{"id":53574,"date":"2016-07-02T07:53:20","date_gmt":"2016-07-02T06:53:20","guid":{"rendered":"http:\/\/2horizontes.com\/?p=53574"},"modified":"2016-07-02T07:53:20","modified_gmt":"2016-07-02T06:53:20","slug":"manifestacion-estatal-del-orgullo-lgtb","status":"publish","type":"post","link":"https:\/\/2horizontes.com\/?p=53574","title":{"rendered":"MANIFESTACI\u00d3N ESTATAL DEL ORGULLO LGTB"},"content":{"rendered":"<p class=\"uk-article-lead\">El S\u00e1bado 2 de Julio de 2016 a la 18:30 tendr\u00e1 lugar la mani del orgullo LGTB m\u00e1s grande de Europa<\/p>\n<h3>LA MANIFESTACI\u00d3N ESTATAL RECORRER\u00c1, UNA DE LAS PRINCPALES ARTERIAS DE MADRID, BAJO EL LEMA \u00abLEYES POR LA IGUALDAD REAL YA. A\u00d1O DE LA VISIBILIDAD BISEXUAL EN LA DIVERSIDAD\u00bb<\/h3>\n<div class=\"uk-grid\" data-uk-grid-margin=\"\">\n<div class=\"uk-width-large-1-2 uk-width-medium-1-2 uk-row-first\">\n<p>En esta ocasi\u00f3n, las personas bisexuales ser\u00e1n las y los protagonistas de las reivindicaciones que tendr\u00e1n lugar el 2 de julio. Para contextualizar este a\u00f1o tem\u00e1tico, el grupo de bisexualidad de FELGTB ha elaborado un dec\u00e1logo en el que se recoge las necesidades y peticiones de nuestro colectivo m\u00e1s invisibilizado.<\/p>\n<p>La Manifestaci\u00f3n Estatal es el <strong>acto central del ORGULLO LGTB<\/strong> en Madrid y est\u00e1 convocada por <strong>COGAM<\/strong> (Colectivo de Lesbianas, Gays, Transexuales y Bisexuales de Madrid) y <strong>FELGTB<\/strong> (Federaci\u00f3n Estatal de Lesbianas, Gays,\u00a0 Transexuales y Bisexuales),\u00a0con el lema \u201c<strong>Leyes por la Igualdad Real, \u00a1Ya! A\u00f1o de la Visibilidad Bisexual en la Diversidad<\/strong>\u201d.<\/p>\n<p>La manifestaci\u00f3n recorrer\u00e1 una de las principales arterias de Madrid, de Atocha a Col\u00f3n, En la cabecera de la Manifestaci\u00f3n, bajo el lema de \u201cLeyes por la Igualdad Real Ya. A\u00f1o de la Visibilidad Bisexual en la Diversidad\u201c marchar\u00e1n representantes de las entidades organizadoras as\u00ed como de las instituciones que colaboran y creen en el Orgullo.<\/p>\n<p>A continuaci\u00f3n de la cabecera, podremos encontrar a las asociaciones de la FELGTB y otros colectivos de lesbianas, gais, transexuales y bisexuales. Posteriormente, se situar\u00e1n el resto de entidades y organizaciones sociales no LGTB. Tras la parte m\u00e1s reivindicativa de la marcha, pasar\u00e1n las carrozas que, con su m\u00fasica y su diversidad, crear\u00e1n el ambiente festivo de la manifestaci\u00f3n.<\/p>\n<p>En primer lugar, encontraremos las carrozas de instituciones o colectivos, luego las \u201chist\u00f3ricas del Orgullo\u201d, vinculadas directamente con el colectivo LGTB, y por \u00faltimo las de empresas que se comprometen con nuestras fiestas.<\/p>\n<p>La previsi\u00f3n de asistencia para el a\u00f1o 2016 es de mas de un <strong>1.500.000 personas<\/strong>.<\/p>\n<p>&nbsp;<\/p>\n<\/div>\n<\/div>\n","protected":false},"excerpt":{"rendered":"<p>El S\u00e1bado 2 de Julio de 2016 a la 18:30 tendr\u00e1 lugar la mani del orgullo LGTB m\u00e1s grande de Europa LA MANIFESTACI\u00d3N ESTATAL RECORRER\u00c1, UNA DE LAS PRINCPALES ARTERIAS DE MADRID, BAJO EL LEMA \u00abLEYES POR LA IGUALDAD REAL YA. A\u00d1O DE LA VISIBILIDAD BISEXUAL EN LA DIVERSIDAD\u00bb En esta ocasi\u00f3n, las personas bisexuales [&hellip;]<\/p>\n","protected":false},"author":4,"featured_media":53575,"comment_status":"open","ping_status":"open","sticky":false,"template":"","format":"standard","meta":{"footnotes":""},"categories":[85,57],"tags":[],"class_list":["post-53574","post","type-post","status-publish","format-standard","has-post-thumbnail","hentry","category-espana","category-mundo-gay"],"_links":{"self":[{"href":"https:\/\/2horizontes.com\/index.php?rest_route=\/wp\/v2\/posts\/53574","targetHints":{"allow":["GET"]}}],"collection":[{"href":"https:\/\/2horizontes.com\/index.php?rest_route=\/wp\/v2\/posts"}],"about":[{"href":"https:\/\/2horizontes.com\/index.php?rest_route=\/wp\/v2\/types\/post"}],"author":[{"embeddable":true,"href":"https:\/\/2horizontes.com\/index.php?rest_route=\/wp\/v2\/users\/4"}],"replies":[{"embeddable":true,"href":"https:\/\/2horizontes.com\/index.php?rest_route=%2Fwp%2Fv2%2Fcomments&post=53574"}],"version-history":[{"count":1,"href":"https:\/\/2horizontes.com\/index.php?rest_route=\/wp\/v2\/posts\/53574\/revisions"}],"predecessor-version":[{"id":53576,"href":"https:\/\/2horizontes.com\/index.php?rest_route=\/wp\/v2\/posts\/53574\/revisions\/53576"}],"wp:featuredmedia":[{"embeddable":true,"href":"https:\/\/2horizontes.com\/index.php?rest_route=\/wp\/v2\/media\/53575"}],"wp:attachment":[{"href":"https:\/\/2horizontes.com\/index.php?rest_route=%2Fwp%2Fv2%2Fmedia&parent=53574"}],"wp:term":[{"taxonomy":"category","embeddable":true,"href":"https:\/\/2horizontes.com\/index.php?rest_route=%2Fwp%2Fv2%2Fcategories&post=53574"},{"taxonomy":"post_tag","embeddable":true,"href":"https:\/\/2horizontes.com\/index.php?rest_route=%2Fwp%2Fv2%2Ftags&post=53574"}],"curies":[{"name":"wp","href":"https:\/\/api.w.org\/{rel}","templated":true}]}}