{"id":53518,"date":"2016-07-01T10:37:36","date_gmt":"2016-07-01T09:37:36","guid":{"rendered":"http:\/\/2horizontes.com\/?p=53518"},"modified":"2016-07-01T10:37:36","modified_gmt":"2016-07-01T09:37:36","slug":"detenidos-en-lleida-tres-pakistanies-por-enaltecer-el-terrorismo-en-la-red","status":"publish","type":"post","link":"https:\/\/2horizontes.com\/?p=53518","title":{"rendered":"Detenidos en Lleida tres pakistan\u00edes por enaltecer el terrorismo en la red"},"content":{"rendered":"<p>La Guardia Civil ha detenido este viernes en Lleida a tres pakistan\u00edes de 25, 29 y 31 a\u00f1os de edad por enaltecimiento del terrorismo y difusi\u00f3n de material audiovisual propagand\u00edstico de diferentes grupos terroristas.<\/p>\n<p>Esta operaci\u00f3n se ha realizado bajo la direcci\u00f3n del Juzgado de Instrucci\u00f3n n\u00ba1 y la Fiscal\u00eda de la Audiencia Nacional. Los detenidos gestionaban diferentes cuentas en varias redes sociales y plataformas digitales a trav\u00e9s de las que realizaban una intensa labor de difusi\u00f3n de propaganda yihadista, llegando incluso a justificar y ensalzar actividades concretas de varios grupos terroristas.<\/p>\n<p>Las investigaciones han puesto de manifiesto que los arrestados hab\u00edan logrado que se involucrara un n\u00famero cada vez mayor de personas de su entorno en las actividades de ensalzamiento de grupos terroristas y la justificaci\u00f3n de acciones violentas, contribuyendo de esta forma a propagar la ideolog\u00eda yihadista en Espa\u00f1a.<\/p>\n<p>Entre los contenidos que difund\u00edan, hay abundante propaganda a favor del Estado Isl\u00e1mico, de los talib\u00e1n y de otros grupos pakistan\u00edes. Entre ellos, v\u00eddeos que justifican las ejecuciones realizadas por el Estado Isl\u00e1mico, alabanzas a las figuras del martirio, llamadas a la aplicaci\u00f3n estricta de la \u201csharia\u201d y comentarios en contra de la comunidad chi\u00ed.<\/p>\n<p>En el marco de esta investigaci\u00f3n, que ha contado con la colaboraci\u00f3n del Centro Nacional de Inteligencia (CNI), los agentes est\u00e1n procediendo al registro de los detenidos en el que se espera hallar documentaci\u00f3n y material inform\u00e1tico que permita determinar el alcance de la labor propagand\u00edstica online y determinar si los detenidos forman parte de una red de mayor dimensi\u00f3n, as\u00ed como el origen de algunos contenidos audiovisuales difundidos.<\/p>\n","protected":false},"excerpt":{"rendered":"<p>La Guardia Civil ha detenido este viernes en Lleida a tres pakistan\u00edes de 25, 29 y 31 a\u00f1os de edad por enaltecimiento del terrorismo y difusi\u00f3n de material audiovisual propagand\u00edstico de diferentes grupos terroristas. Esta operaci\u00f3n se ha realizado bajo la direcci\u00f3n del Juzgado de Instrucci\u00f3n n\u00ba1 y la Fiscal\u00eda de la Audiencia Nacional. Los [&hellip;]<\/p>\n","protected":false},"author":3,"featured_media":53519,"comment_status":"open","ping_status":"open","sticky":false,"template":"","format":"standard","meta":{"footnotes":""},"categories":[85],"tags":[],"class_list":["post-53518","post","type-post","status-publish","format-standard","has-post-thumbnail","hentry","category-espana"],"_links":{"self":[{"href":"https:\/\/2horizontes.com\/index.php?rest_route=\/wp\/v2\/posts\/53518","targetHints":{"allow":["GET"]}}],"collection":[{"href":"https:\/\/2horizontes.com\/index.php?rest_route=\/wp\/v2\/posts"}],"about":[{"href":"https:\/\/2horizontes.com\/index.php?rest_route=\/wp\/v2\/types\/post"}],"author":[{"embeddable":true,"href":"https:\/\/2horizontes.com\/index.php?rest_route=\/wp\/v2\/users\/3"}],"replies":[{"embeddable":true,"href":"https:\/\/2horizontes.com\/index.php?rest_route=%2Fwp%2Fv2%2Fcomments&post=53518"}],"version-history":[{"count":1,"href":"https:\/\/2horizontes.com\/index.php?rest_route=\/wp\/v2\/posts\/53518\/revisions"}],"predecessor-version":[{"id":53520,"href":"https:\/\/2horizontes.com\/index.php?rest_route=\/wp\/v2\/posts\/53518\/revisions\/53520"}],"wp:featuredmedia":[{"embeddable":true,"href":"https:\/\/2horizontes.com\/index.php?rest_route=\/wp\/v2\/media\/53519"}],"wp:attachment":[{"href":"https:\/\/2horizontes.com\/index.php?rest_route=%2Fwp%2Fv2%2Fmedia&parent=53518"}],"wp:term":[{"taxonomy":"category","embeddable":true,"href":"https:\/\/2horizontes.com\/index.php?rest_route=%2Fwp%2Fv2%2Fcategories&post=53518"},{"taxonomy":"post_tag","embeddable":true,"href":"https:\/\/2horizontes.com\/index.php?rest_route=%2Fwp%2Fv2%2Ftags&post=53518"}],"curies":[{"name":"wp","href":"https:\/\/api.w.org\/{rel}","templated":true}]}}