{"id":53490,"date":"2016-06-30T14:06:24","date_gmt":"2016-06-30T13:06:24","guid":{"rendered":"http:\/\/2horizontes.com\/?p=53490"},"modified":"2016-06-30T14:06:24","modified_gmt":"2016-06-30T13:06:24","slug":"55-vuelos-cancelados-en-espana-por-la-huelga-de-controladores-franceses","status":"publish","type":"post","link":"https:\/\/2horizontes.com\/?p=53490","title":{"rendered":"55 vuelos cancelados en Espa\u00f1a por la huelga de controladores franceses"},"content":{"rendered":"<p>Un total de 55 vuelos, entre los que part\u00edan de aeropuertos de la red Aena y los franceses con destino a Espa\u00f1a, han sido cancelados hasta las 13.00 horas de hoy por la huelga de controladores a\u00e9reos en Francia, han confirmado fuentes del gestor aeroportuario.<\/p>\n<p>Aena hab\u00eda programado para hoy 300 vuelos con el pa\u00eds vecino.<\/p>\n<p>El aeropuerto m\u00e1s afectado ha sido el de Barcelona-El Prat, en el que se han cancelado 14 vuelos, de los 88 previstos para hoy. La aerol\u00ednia que acumula m\u00e1s problemas es Vueling, que ha suspendido diez vuelos con origen o destino Barcelona. La compa\u00f1\u00eda ha achacado a la huelga francesa las incidencias registradas este martes en su operativa, pero lo cierto es que hace varios d\u00edas que sufre cancelaciones y retrasos de vuelos en el Aeropuerto de El Prat.<\/p>\n<p>En concreto, las rutas de Vueling afectadas por las cancelaciones de hoy enlazaban la capital catalana con las ciudades francesas de Par\u00eds (4 vuelos), Burdeos (2) , Marsella (2) y Nantes (2).<\/p>\n<p>Fuentes de Vueling han se\u00f1alado: \u201cEs una situaci\u00f3n preocupante que por en\u00e9sima vez otra huelga en Francia impacte y bloquee el movimiento de pasajeros en toda Europa\u201d. Han a\u00f1adido, en este sentido, que Vueling es una compa\u00f1\u00eda con base en Barcelona y que las restricciones en el espacio a\u00e9reo franc\u00e9s suponen \u201cun agravio importante\u201d en sus operaciones.<\/p>\n<p>Es una situaci\u00f3n preocupante que por en\u00e9sima vez otra huelga en Francia impacte y bloquee el movimiento de pasajeros en toda Europa<\/p>\n<p>Vueling<br \/>\nLa aerol\u00ednea asegura que ha transmitido a los pasajeros afectados sus disculpas y que su prioridad es darles \u201cuna respuesta r\u00e1pida y efectiva\u201d, para lo cual ha abierto una l\u00ednea de tel\u00e9fono para atender a los usuarios, a quienes est\u00e1 reubicando \u201cen los vuelos m\u00e1s pr\u00f3ximos disponibles.<\/p>\n<p>Pese a ello, un gran n\u00famero de usuarios est\u00e1n utilizando las redes sociales para expresar su descontento con los m\u00faltiples retrasos y cancelaciones que acumula Vueling en las \u00faltimas semanas, agravados hoy por la huelga en Francia.<\/p>\n<p>El segundo aeropuerto con mayor n\u00famero de cancelaciones es Palma de Mallorca, donde hasta las 13.00 horas se hab\u00edan cancelado 13 vuelos. En el aeropuerto de M\u00e1laga, con 23 vuelos previstos a lo largo de la jornada, se han cancelado ya 6, mientras que en el de Valencia se han cancelado 5. En el aeropuerto de Madrid-Barajas, donde hay 91 vuelos programados con el pa\u00eds vecino, se han cancelado 4, el mismo n\u00famero que en el de Alicante.<\/p>\n<p>En el aeropuerto de Ibiza, ha habido 3 cancelaciones, mientras que se han cancelado 2 tanto en el de Sevilla como en el de Tenerife Sur. Con este nuevo paro, los controladores a\u00e9reos galos se suman las protestas de los franceses contra de la reforma laboral dise\u00f1ada por su gobierno.<\/p>\n","protected":false},"excerpt":{"rendered":"<p>Un total de 55 vuelos, entre los que part\u00edan de aeropuertos de la red Aena y los franceses con destino a Espa\u00f1a, han sido cancelados hasta las 13.00 horas de hoy por la huelga de controladores a\u00e9reos en Francia, han confirmado fuentes del gestor aeroportuario. Aena hab\u00eda programado para hoy 300 vuelos con el pa\u00eds [&hellip;]<\/p>\n","protected":false},"author":3,"featured_media":53491,"comment_status":"open","ping_status":"open","sticky":false,"template":"","format":"standard","meta":{"footnotes":""},"categories":[85,86],"tags":[],"class_list":["post-53490","post","type-post","status-publish","format-standard","has-post-thumbnail","hentry","category-espana","category-europa"],"_links":{"self":[{"href":"https:\/\/2horizontes.com\/index.php?rest_route=\/wp\/v2\/posts\/53490","targetHints":{"allow":["GET"]}}],"collection":[{"href":"https:\/\/2horizontes.com\/index.php?rest_route=\/wp\/v2\/posts"}],"about":[{"href":"https:\/\/2horizontes.com\/index.php?rest_route=\/wp\/v2\/types\/post"}],"author":[{"embeddable":true,"href":"https:\/\/2horizontes.com\/index.php?rest_route=\/wp\/v2\/users\/3"}],"replies":[{"embeddable":true,"href":"https:\/\/2horizontes.com\/index.php?rest_route=%2Fwp%2Fv2%2Fcomments&post=53490"}],"version-history":[{"count":1,"href":"https:\/\/2horizontes.com\/index.php?rest_route=\/wp\/v2\/posts\/53490\/revisions"}],"predecessor-version":[{"id":53492,"href":"https:\/\/2horizontes.com\/index.php?rest_route=\/wp\/v2\/posts\/53490\/revisions\/53492"}],"wp:featuredmedia":[{"embeddable":true,"href":"https:\/\/2horizontes.com\/index.php?rest_route=\/wp\/v2\/media\/53491"}],"wp:attachment":[{"href":"https:\/\/2horizontes.com\/index.php?rest_route=%2Fwp%2Fv2%2Fmedia&parent=53490"}],"wp:term":[{"taxonomy":"category","embeddable":true,"href":"https:\/\/2horizontes.com\/index.php?rest_route=%2Fwp%2Fv2%2Fcategories&post=53490"},{"taxonomy":"post_tag","embeddable":true,"href":"https:\/\/2horizontes.com\/index.php?rest_route=%2Fwp%2Fv2%2Ftags&post=53490"}],"curies":[{"name":"wp","href":"https:\/\/api.w.org\/{rel}","templated":true}]}}