{"id":53458,"date":"2016-06-30T11:57:29","date_gmt":"2016-06-30T10:57:29","guid":{"rendered":"http:\/\/2horizontes.com\/?p=53458"},"modified":"2016-06-30T11:57:29","modified_gmt":"2016-06-30T10:57:29","slug":"mayoria-de-casos-de-zika-viajaron-a-republica-dominicana","status":"publish","type":"post","link":"https:\/\/2horizontes.com\/?p=53458","title":{"rendered":"Mayor\u00eda de casos de zika viajaron a Rep\u00fablica Dominicana"},"content":{"rendered":"<div id=\"ArticleAuthorDiv\" class=\"article-body-author\"><b>AP<\/b><\/div>\n<div id=\"ArticleSourceDiv\" class=\"article-body-author\">Las autoridades neoyorquinas advirtieron el mi\u00e9rcoles que casi dos tercios de las 233 personas que padecen el virus del zika en Nueva York han regresado recientemente de Rep\u00fablica Dominicana.<\/div>\n<div id=\"ArticleBody\">\n<p>Aun as\u00ed, urgieron a no se\u00f1alar de forma discriminatoria a miembros de la comunidad dominicana ya que las cifras simplemente demuestran que en Nueva York viven muchos dominicanos que viajan a menudo a su pa\u00eds natal y regresan. De los 233 casos, 140 fueron personas que regresaron de Rep\u00fablica Dominicana, 20 que regresaron de Puerto Rico y 14 de Guyana.<\/p>\n<p>\u00abEstos pa\u00edses y estas comunidades en Nueva York no tienen necesariamente un mayor riesgo de transmisi\u00f3n\u00bb, dijo la comisionada de Salud de la ciudad Mary Bassett a medios de comunicaci\u00f3n.<\/p>\n<p>Agreg\u00f3 que \u00ablos datos reflejan quien vive en la ciudad de Nueva York y nuestro patr\u00f3n de viajes. Los dominicanos son el mayor grupo de latinos en la ciudad y hay un significativo intercambio de viajes entre Nueva York y Rep\u00fablica Dominicana\u00bb.<\/p>\n<p>Cada a\u00f1o hay m\u00e1s llegadas de vuelos desde Rep\u00fablica Dominicana a la ciudad de Nueva York que desde cualquier otro pa\u00eds afectado con zika, dijo Bassett. La comisionada agreg\u00f3 que tambi\u00e9n es posible que la campa\u00f1a municipal para prevenir el zika haya promovido que m\u00e1s hispanos se hagan la prueba para determinar si padecen el virus.<\/p>\n<p>Desde fines del a\u00f1o pasado el zika se ha convertido en una epidemia en Latinoam\u00e9rica y el Caribe.<\/p>\n<p>El virus, que se propaga principalmente a trav\u00e9s de la picadura de un mosquito tropical, suele resultar en una enfermedad leve en la mayor\u00eda de las personas. Pero durante los recientes brotes en Latinoam\u00e9rica los cient\u00edficos determinaron que una infecci\u00f3n durante el embarazo puede provocar severos da\u00f1os cerebrales en el feto.<\/p>\n<p>En Rep\u00fablica Dominicana las autoridades reportaron recientemente que nueve personas murieron por el s\u00edndrome Guillain-Barr\u00e9 asociado a casos sospechosos de zika durante el \u00faltimo mes y medio, con lo que suman 15 defunciones en lo que va del a\u00f1o. A lo largo de 2016 se han reportado cerca de 140 pacientes con Guillain-Barr\u00e9 en Rep\u00fablica Dominicana antes tuvieron los s\u00edntomas del zika.<\/p>\n<p>En Puerto Rico se han registrado m\u00e1s de 1.700 casos de zika de los cuales 191 son mujeres embarazadas. El mes pasado se registr\u00f3 el primer caso de microcefalia vinculado con el zika. \u00a0 \u00a0 \u00a0 \u00a0 Actualmente no hay medicamentos ni vacunas certificadas para el virus.<\/p>\n<p>Las autoridades neoyorquinas iniciaron a fines de 2015 un plan para manejar y controlar el virus en la ciudad debido a la gran cantidad de inmigrantes provenientes de Latinoam\u00e9rica que viven en Manhattan y sus alrededores y que viajan a menudo a sus pa\u00edses de origen.<\/p>\n<p>Bassett dijo el mi\u00e9rcoles que un 41% de los afectados con el virus en Nueva York residen en el condado del Bronx.<\/p>\n<p>La comisionada espera que el n\u00famero de casos de zika suba en la ciudad en verano debido al aumento en los viajes de neoyorquinos al Caribe y Latinoam\u00e9rica y pidi\u00f3 que las mujeres embarazadas y las parejas que quieren concebir pospongan sus viajes a pa\u00edses afectados por el virus y los dem\u00e1s visitantes usen preservativos y repelentes de insectos.<\/p>\n<\/div>\n","protected":false},"excerpt":{"rendered":"<p>AP Las autoridades neoyorquinas advirtieron el mi\u00e9rcoles que casi dos tercios de las 233 personas que padecen el virus del zika en Nueva York han regresado recientemente de Rep\u00fablica Dominicana. Aun as\u00ed, urgieron a no se\u00f1alar de forma discriminatoria a miembros de la comunidad dominicana ya que las cifras simplemente demuestran que en Nueva York [&hellip;]<\/p>\n","protected":false},"author":7,"featured_media":53459,"comment_status":"open","ping_status":"open","sticky":false,"template":"","format":"standard","meta":{"footnotes":""},"categories":[40,44,45],"tags":[],"class_list":["post-53458","post","type-post","status-publish","format-standard","has-post-thumbnail","hentry","category-internacionales","category-republica-dominicana","category-salud"],"_links":{"self":[{"href":"https:\/\/2horizontes.com\/index.php?rest_route=\/wp\/v2\/posts\/53458","targetHints":{"allow":["GET"]}}],"collection":[{"href":"https:\/\/2horizontes.com\/index.php?rest_route=\/wp\/v2\/posts"}],"about":[{"href":"https:\/\/2horizontes.com\/index.php?rest_route=\/wp\/v2\/types\/post"}],"author":[{"embeddable":true,"href":"https:\/\/2horizontes.com\/index.php?rest_route=\/wp\/v2\/users\/7"}],"replies":[{"embeddable":true,"href":"https:\/\/2horizontes.com\/index.php?rest_route=%2Fwp%2Fv2%2Fcomments&post=53458"}],"version-history":[{"count":1,"href":"https:\/\/2horizontes.com\/index.php?rest_route=\/wp\/v2\/posts\/53458\/revisions"}],"predecessor-version":[{"id":53460,"href":"https:\/\/2horizontes.com\/index.php?rest_route=\/wp\/v2\/posts\/53458\/revisions\/53460"}],"wp:featuredmedia":[{"embeddable":true,"href":"https:\/\/2horizontes.com\/index.php?rest_route=\/wp\/v2\/media\/53459"}],"wp:attachment":[{"href":"https:\/\/2horizontes.com\/index.php?rest_route=%2Fwp%2Fv2%2Fmedia&parent=53458"}],"wp:term":[{"taxonomy":"category","embeddable":true,"href":"https:\/\/2horizontes.com\/index.php?rest_route=%2Fwp%2Fv2%2Fcategories&post=53458"},{"taxonomy":"post_tag","embeddable":true,"href":"https:\/\/2horizontes.com\/index.php?rest_route=%2Fwp%2Fv2%2Ftags&post=53458"}],"curies":[{"name":"wp","href":"https:\/\/api.w.org\/{rel}","templated":true}]}}