{"id":53407,"date":"2016-06-29T10:18:07","date_gmt":"2016-06-29T09:18:07","guid":{"rendered":"http:\/\/2horizontes.com\/?p=53407"},"modified":"2016-06-29T10:18:07","modified_gmt":"2016-06-29T09:18:07","slug":"reflexiones-2horizontes-54","status":"publish","type":"post","link":"https:\/\/2horizontes.com\/?p=53407","title":{"rendered":"Reflexiones 2Horizontes"},"content":{"rendered":"<p><strong>Por. Alfredo Mella\u00a0<\/strong><\/p>\n<p>Si le crees a Dios, comparte con tus amistades el mensaje de hoy mi\u00e9rcoles 29 de Junio 2016. Respondi\u00f3 Jes\u00fas y le dijo: El que me ama, mi palabra guardar\u00e1; y mi<span class=\"text_exposed_show\"> Padre le Amara, y vendremos a el, y haremos morada con el. El que no me ama, no guarda mis palabras; y la palabra que hab\u00e9is o\u00eddo no es m\u00eda, sino del Padre que me envi\u00f3. Os he dicho estas cosas estando con vosotros. <\/span><\/p>\n<p><span class=\"text_exposed_show\">M\u00e1s el Consolador, el Esp\u00edritu Santo, a quien el Padre enviar\u00e1 en mi nombre, el os ense\u00f1ar\u00e1 todas las cosas, y os recordar\u00e1 todo lo que yo os he dicho. La paz os dejo, mi paz os doy; yo no os la doy como el mundo la da. No se turbe vuestro coraz\u00f3n, ni tenga miedo. SAN JUAN 14:23-24-25-26-27. Cristo viene pronto y el te ama, b\u00fascale m\u00e1s, Dios te bendiga siempre y a tus seres queridos, buenos d\u00edas.<\/span><\/p>\n","protected":false},"excerpt":{"rendered":"<p>Por. Alfredo Mella\u00a0 Si le crees a Dios, comparte con tus amistades el mensaje de hoy mi\u00e9rcoles 29 de Junio 2016. Respondi\u00f3 Jes\u00fas y le dijo: El que me ama, mi palabra guardar\u00e1; y mi Padre le Amara, y vendremos a el, y haremos morada con el. El que no me ama, no guarda mis [&hellip;]<\/p>\n","protected":false},"author":7,"featured_media":53408,"comment_status":"open","ping_status":"open","sticky":false,"template":"","format":"standard","meta":{"footnotes":""},"categories":[46,82],"tags":[],"class_list":["post-53407","post","type-post","status-publish","format-standard","has-post-thumbnail","hentry","category-dominicanos-en-madrid","category-opinion"],"_links":{"self":[{"href":"https:\/\/2horizontes.com\/index.php?rest_route=\/wp\/v2\/posts\/53407","targetHints":{"allow":["GET"]}}],"collection":[{"href":"https:\/\/2horizontes.com\/index.php?rest_route=\/wp\/v2\/posts"}],"about":[{"href":"https:\/\/2horizontes.com\/index.php?rest_route=\/wp\/v2\/types\/post"}],"author":[{"embeddable":true,"href":"https:\/\/2horizontes.com\/index.php?rest_route=\/wp\/v2\/users\/7"}],"replies":[{"embeddable":true,"href":"https:\/\/2horizontes.com\/index.php?rest_route=%2Fwp%2Fv2%2Fcomments&post=53407"}],"version-history":[{"count":1,"href":"https:\/\/2horizontes.com\/index.php?rest_route=\/wp\/v2\/posts\/53407\/revisions"}],"predecessor-version":[{"id":53409,"href":"https:\/\/2horizontes.com\/index.php?rest_route=\/wp\/v2\/posts\/53407\/revisions\/53409"}],"wp:featuredmedia":[{"embeddable":true,"href":"https:\/\/2horizontes.com\/index.php?rest_route=\/wp\/v2\/media\/53408"}],"wp:attachment":[{"href":"https:\/\/2horizontes.com\/index.php?rest_route=%2Fwp%2Fv2%2Fmedia&parent=53407"}],"wp:term":[{"taxonomy":"category","embeddable":true,"href":"https:\/\/2horizontes.com\/index.php?rest_route=%2Fwp%2Fv2%2Fcategories&post=53407"},{"taxonomy":"post_tag","embeddable":true,"href":"https:\/\/2horizontes.com\/index.php?rest_route=%2Fwp%2Fv2%2Ftags&post=53407"}],"curies":[{"name":"wp","href":"https:\/\/api.w.org\/{rel}","templated":true}]}}