{"id":53314,"date":"2016-06-27T13:26:20","date_gmt":"2016-06-27T12:26:20","guid":{"rendered":"http:\/\/2horizontes.com\/?p=53314"},"modified":"2016-06-27T13:26:20","modified_gmt":"2016-06-27T12:26:20","slug":"ya-son-72-los-casos-de-zika-importado-en-catalunya","status":"publish","type":"post","link":"https:\/\/2horizontes.com\/?p=53314","title":{"rendered":"Ya son 72 los casos de Zika importado en Catalunya"},"content":{"rendered":"<p>Dos nuevas mujeres embarazadas han sido diagnosticadas de fiebre v\u00edrica de Zika en Catalunya, lo que eleva a 16 las gestantes que desde el 1 de enero han contra\u00eddo la enfermedad, tres de las cuales ya han dado a luz a un beb\u00e9 sano, mientras que una lleva un feto con microcefalia y malformaciones. Desde el pasado 1 de enero, en Catalunya se han confirmado 72 casos importados de fiebre v\u00edrica de Zika, 21 hombres y 51 mujeres.<\/p>\n<p>Seg\u00fan ha informado hoy la Agencia de Salud P\u00fablica de Catalunya, en los 16 casos son mujeres que han viajado a alg\u00fan pa\u00eds de Am\u00e9rica del Sur y Central y les han picado mosquitos durante su estancia.<\/p>\n<p>Se\u00f1ales de alerta<br \/>\nEl virus del Zika provoca un cuadro leve con fiebre moderada, exantema que se extiende desde la cara al resto del cuerpo, artritis o artralgia pasajera, principalmente articulaciones peque\u00f1as de manos y pies, conjuntivitis y s\u00edntomas inespec\u00edficos como mialgia, cansancio y dolor de cabeza y se transmite principalmente por la picadura de mosquitos del g\u00e9nero Aedes.<\/p>\n<p>Los casos suelen resolverse sin complicaciones graves y las infecciones asintom\u00e1ticas son frecuentes ya que se estima que s\u00f3lo 1 de cada 4 infectados desarrolla un cuadro cl\u00ednico.<\/p>\n<p>Hasta 2007, s\u00f3lo se hab\u00edan descrito casos espor\u00e1dicos en algunos pa\u00edses de \u00c1frica y Asia, pero en la \u00faltima d\u00e9cada se ha expandido a nuevos territorios dando lugar a brotes epid\u00e9micos en varias islas del Pac\u00edfico. Durante el 2015 se detect\u00f3 transmisi\u00f3n aut\u00f3ctona del virus en varios pa\u00edses de Am\u00e9rica Latina que se asocia a un incremento en el n\u00famero de alteraciones neurol\u00f3gicas en reci\u00e9n nacidos.<\/p>\n<p>La Agencia de Salud P\u00fablica de Catalunya ha informado de que el riesgo de contagio de la infecci\u00f3n por virus Zika a personas que viajen a zonas epid\u00e9micas del virus, como los pa\u00edses del Caribe y de Sudam\u00e9rica y Centroam\u00e9rica, as\u00ed como algunas zonas de Polinesia y del \u00c1frica ecuatorial.<\/p>\n<p>El riesgo para las embarazadas<br \/>\nSeg\u00fan la Agencia de Salud P\u00fablica, es de especial importancia informar a las mujeres embarazadas que tengan previsto viajar a zonas end\u00e9micas del riesgo existente y les recomienda que, en la medida de lo posible, pospongan el viaje hasta el final del embarazo.<\/p>\n<p>Si han viajado, deben mencionar su viaje en las revisiones prenatales para ser evaluadas adecuadamente.<\/p>\n","protected":false},"excerpt":{"rendered":"<p>Dos nuevas mujeres embarazadas han sido diagnosticadas de fiebre v\u00edrica de Zika en Catalunya, lo que eleva a 16 las gestantes que desde el 1 de enero han contra\u00eddo la enfermedad, tres de las cuales ya han dado a luz a un beb\u00e9 sano, mientras que una lleva un feto con microcefalia y malformaciones. Desde [&hellip;]<\/p>\n","protected":false},"author":3,"featured_media":53315,"comment_status":"open","ping_status":"open","sticky":false,"template":"","format":"standard","meta":{"footnotes":""},"categories":[85,45],"tags":[],"class_list":["post-53314","post","type-post","status-publish","format-standard","has-post-thumbnail","hentry","category-espana","category-salud"],"_links":{"self":[{"href":"https:\/\/2horizontes.com\/index.php?rest_route=\/wp\/v2\/posts\/53314","targetHints":{"allow":["GET"]}}],"collection":[{"href":"https:\/\/2horizontes.com\/index.php?rest_route=\/wp\/v2\/posts"}],"about":[{"href":"https:\/\/2horizontes.com\/index.php?rest_route=\/wp\/v2\/types\/post"}],"author":[{"embeddable":true,"href":"https:\/\/2horizontes.com\/index.php?rest_route=\/wp\/v2\/users\/3"}],"replies":[{"embeddable":true,"href":"https:\/\/2horizontes.com\/index.php?rest_route=%2Fwp%2Fv2%2Fcomments&post=53314"}],"version-history":[{"count":1,"href":"https:\/\/2horizontes.com\/index.php?rest_route=\/wp\/v2\/posts\/53314\/revisions"}],"predecessor-version":[{"id":53316,"href":"https:\/\/2horizontes.com\/index.php?rest_route=\/wp\/v2\/posts\/53314\/revisions\/53316"}],"wp:featuredmedia":[{"embeddable":true,"href":"https:\/\/2horizontes.com\/index.php?rest_route=\/wp\/v2\/media\/53315"}],"wp:attachment":[{"href":"https:\/\/2horizontes.com\/index.php?rest_route=%2Fwp%2Fv2%2Fmedia&parent=53314"}],"wp:term":[{"taxonomy":"category","embeddable":true,"href":"https:\/\/2horizontes.com\/index.php?rest_route=%2Fwp%2Fv2%2Fcategories&post=53314"},{"taxonomy":"post_tag","embeddable":true,"href":"https:\/\/2horizontes.com\/index.php?rest_route=%2Fwp%2Fv2%2Ftags&post=53314"}],"curies":[{"name":"wp","href":"https:\/\/api.w.org\/{rel}","templated":true}]}}