{"id":53288,"date":"2016-06-25T22:39:57","date_gmt":"2016-06-25T21:39:57","guid":{"rendered":"http:\/\/2horizontes.com\/?p=53288"},"modified":"2016-06-25T22:39:57","modified_gmt":"2016-06-25T21:39:57","slug":"la-vanguardia-seguira-con-todo-detalle-la-jornada-electoral-del-26j","status":"publish","type":"post","link":"https:\/\/2horizontes.com\/?p=53288","title":{"rendered":"La Vanguardia seguir\u00e1 con todo detalle la jornada electoral del 26J"},"content":{"rendered":"<p>Operativo especial en La Vanguardia para seguir hasta el \u00faltimo detalle de la esperada jornada electoral de este domingo 26J. Desde primera hora de la ma\u00f1ana y hasta la madrugada, habr\u00e1 cobertura en directo de la evoluci\u00f3n de las votaciones y seguimiento de los principales candidatos.<\/p>\n<p>Mariano Rajoy, Pablo Iglesias, Pedro S\u00e1nchez y Albert Rivera se juegan este domingo sus opciones de formar Gobierno. Tras seis meses en funciones, el l\u00edder del PP conf\u00eda en volver a ganar los comicios y en que, esta vez s\u00ed, logre conseguir una mayor\u00eda que le permita seguir liderando el Ejecutivo. Unidos Podemos y el PSOE dirimir\u00e1n por fin su pelea por liderar la izquierda espa\u00f1ola mientras Ciudadanos aspira a ser decisivo.<\/p>\n<p>La Vanguardia comenzar\u00e1 su seguimiento electoral desde buena ma\u00f1ana, preparada para informar minuto a minuto del momento en que vote cada candidato, con corresponsales que seguir\u00e1n in situ las primeras valoraciones de los l\u00edderes pol\u00edticos espa\u00f1oles.<\/p>\n<p>Textos, fotos, v\u00eddeos y gr\u00e1ficos permitir\u00e1n a los lectores tener hasta el m\u00e1s m\u00ednimo detalle de la jornada a trav\u00e9s de sus ordenadores, sus tabletas o sus tel\u00e9fonos m\u00f3viles. Se pondr\u00e1 especial atenci\u00f3n a los datos de participaci\u00f3n y a los primeros sondeos a pie de urna.<\/p>\n<p>En Catalunya, habr\u00e1 enviados especiales a las sedes de todos los partidos, con especial atenci\u00f3n a En Com\u00fa Podem (que se prev\u00e9 que ganar\u00e1 incluso con m\u00e1s margen que en el 20D). Tambi\u00e9n se estar\u00e1 muy pendiente de los partidos independentistas como ERC y CDC, adem\u00e1s de seguir de cerca los resultados de las delegaciones de PP (con Jorge Fern\u00e1ndez D\u00edaz al frente de la candidatura), PSOE y Ciudadanos.<\/p>\n<p>Una vez cerrados los colegios electorales, el operativo electoral de La Vanguardia empezar\u00e1 a difundir resultados oficiales en tiempo real, adem\u00e1s de publicar los video an\u00e1lisis de distintos expertos. Conforme se vaya conociendo el escrutinio, los gr\u00e1ficos permitir\u00e1n analizar r\u00e1pidamente c\u00f3mo queda el panorama y una aplicaci\u00f3n creada especialmente para la ocasi\u00f3n permitir\u00e1 comenzar a vislumbrar las posibilidades reales de pacto tras las elecciones.<\/p>\n<p>Adem\u00e1s, Bot Meritxell chatea desde la semana pasada con la comunidad de usuarios de La Vanguardia en Facebook (m\u00e1s de 1,3 millones de seguidores) sobre los programas electorales de los partidos, las encuestas y resuelve dudas sobre el proceso electoral.<\/p>\n<p>En la noche electoral, Bot Meritxell estar\u00e1 disponible para comentar en directo los resultados del 26J. El bot inteligente de La Vanguardia puede responder a m\u00e1s de 1.500 preguntas relacionadas con la pol\u00edtica.<\/p>\n","protected":false},"excerpt":{"rendered":"<p>Operativo especial en La Vanguardia para seguir hasta el \u00faltimo detalle de la esperada jornada electoral de este domingo 26J. Desde primera hora de la ma\u00f1ana y hasta la madrugada, habr\u00e1 cobertura en directo de la evoluci\u00f3n de las votaciones y seguimiento de los principales candidatos. Mariano Rajoy, Pablo Iglesias, Pedro S\u00e1nchez y Albert Rivera [&hellip;]<\/p>\n","protected":false},"author":3,"featured_media":53289,"comment_status":"open","ping_status":"open","sticky":false,"template":"","format":"standard","meta":{"footnotes":""},"categories":[85,43],"tags":[],"class_list":["post-53288","post","type-post","status-publish","format-standard","has-post-thumbnail","hentry","category-espana","category-politica"],"_links":{"self":[{"href":"https:\/\/2horizontes.com\/index.php?rest_route=\/wp\/v2\/posts\/53288","targetHints":{"allow":["GET"]}}],"collection":[{"href":"https:\/\/2horizontes.com\/index.php?rest_route=\/wp\/v2\/posts"}],"about":[{"href":"https:\/\/2horizontes.com\/index.php?rest_route=\/wp\/v2\/types\/post"}],"author":[{"embeddable":true,"href":"https:\/\/2horizontes.com\/index.php?rest_route=\/wp\/v2\/users\/3"}],"replies":[{"embeddable":true,"href":"https:\/\/2horizontes.com\/index.php?rest_route=%2Fwp%2Fv2%2Fcomments&post=53288"}],"version-history":[{"count":1,"href":"https:\/\/2horizontes.com\/index.php?rest_route=\/wp\/v2\/posts\/53288\/revisions"}],"predecessor-version":[{"id":53290,"href":"https:\/\/2horizontes.com\/index.php?rest_route=\/wp\/v2\/posts\/53288\/revisions\/53290"}],"wp:featuredmedia":[{"embeddable":true,"href":"https:\/\/2horizontes.com\/index.php?rest_route=\/wp\/v2\/media\/53289"}],"wp:attachment":[{"href":"https:\/\/2horizontes.com\/index.php?rest_route=%2Fwp%2Fv2%2Fmedia&parent=53288"}],"wp:term":[{"taxonomy":"category","embeddable":true,"href":"https:\/\/2horizontes.com\/index.php?rest_route=%2Fwp%2Fv2%2Fcategories&post=53288"},{"taxonomy":"post_tag","embeddable":true,"href":"https:\/\/2horizontes.com\/index.php?rest_route=%2Fwp%2Fv2%2Ftags&post=53288"}],"curies":[{"name":"wp","href":"https:\/\/api.w.org\/{rel}","templated":true}]}}