{"id":53282,"date":"2016-06-25T22:33:29","date_gmt":"2016-06-25T21:33:29","guid":{"rendered":"http:\/\/2horizontes.com\/?p=53282"},"modified":"2016-06-25T22:33:29","modified_gmt":"2016-06-25T21:33:29","slug":"gerard-pique-rinde-homenaje-al-will-griggs-on-fire","status":"publish","type":"post","link":"https:\/\/2horizontes.com\/?p=53282","title":{"rendered":"Gerard Piqu\u00e9 rinde homenaje al \u2018Will Grigg\u2019s on fire"},"content":{"rendered":"<p>En una Eurocopa donde los hinchas han sido noticia a menudo por los desafortunados disturbios, los aficionados de Irlanda del Norte han aportado un toque de buen humor. El pegadizo c\u00e1ntico de \u2018Will Grigg\u2019s on fire\u2019 ha hecho famoso al delantero del Wigan sin jugar ni un solo minuto, no solamente entre los aficionados norirlandeses.<\/p>\n<p>Ahora el \u00faltimo en sumarse al club de fans de Will Grigg ha sido el azulgrana de la selecci\u00f3n espa\u00f1ola, Gerard Piqu\u00e9. Tras la eliminaci\u00f3n de la selecci\u00f3n donde juega el famoso jugador, el defensa se ha acordado de \u00e9l: \u201cIrlanda del Norte eliminada de la Euro. Siempre nos quedar\u00e1 Will Grigg\u2019s on fire!\u201d, ha escrito el central catal\u00e1n en su cuenta de \u2018Twitter\u2019.<\/p>\n","protected":false},"excerpt":{"rendered":"<p>En una Eurocopa donde los hinchas han sido noticia a menudo por los desafortunados disturbios, los aficionados de Irlanda del Norte han aportado un toque de buen humor. El pegadizo c\u00e1ntico de \u2018Will Grigg\u2019s on fire\u2019 ha hecho famoso al delantero del Wigan sin jugar ni un solo minuto, no solamente entre los aficionados norirlandeses. [&hellip;]<\/p>\n","protected":false},"author":3,"featured_media":53283,"comment_status":"open","ping_status":"open","sticky":false,"template":"","format":"standard","meta":{"footnotes":""},"categories":[42],"tags":[],"class_list":["post-53282","post","type-post","status-publish","format-standard","has-post-thumbnail","hentry","category-deportes"],"_links":{"self":[{"href":"https:\/\/2horizontes.com\/index.php?rest_route=\/wp\/v2\/posts\/53282","targetHints":{"allow":["GET"]}}],"collection":[{"href":"https:\/\/2horizontes.com\/index.php?rest_route=\/wp\/v2\/posts"}],"about":[{"href":"https:\/\/2horizontes.com\/index.php?rest_route=\/wp\/v2\/types\/post"}],"author":[{"embeddable":true,"href":"https:\/\/2horizontes.com\/index.php?rest_route=\/wp\/v2\/users\/3"}],"replies":[{"embeddable":true,"href":"https:\/\/2horizontes.com\/index.php?rest_route=%2Fwp%2Fv2%2Fcomments&post=53282"}],"version-history":[{"count":1,"href":"https:\/\/2horizontes.com\/index.php?rest_route=\/wp\/v2\/posts\/53282\/revisions"}],"predecessor-version":[{"id":53284,"href":"https:\/\/2horizontes.com\/index.php?rest_route=\/wp\/v2\/posts\/53282\/revisions\/53284"}],"wp:featuredmedia":[{"embeddable":true,"href":"https:\/\/2horizontes.com\/index.php?rest_route=\/wp\/v2\/media\/53283"}],"wp:attachment":[{"href":"https:\/\/2horizontes.com\/index.php?rest_route=%2Fwp%2Fv2%2Fmedia&parent=53282"}],"wp:term":[{"taxonomy":"category","embeddable":true,"href":"https:\/\/2horizontes.com\/index.php?rest_route=%2Fwp%2Fv2%2Fcategories&post=53282"},{"taxonomy":"post_tag","embeddable":true,"href":"https:\/\/2horizontes.com\/index.php?rest_route=%2Fwp%2Fv2%2Ftags&post=53282"}],"curies":[{"name":"wp","href":"https:\/\/api.w.org\/{rel}","templated":true}]}}