{"id":53249,"date":"2016-06-25T18:08:50","date_gmt":"2016-06-25T17:08:50","guid":{"rendered":"http:\/\/2horizontes.com\/?p=53249"},"modified":"2016-06-25T18:08:50","modified_gmt":"2016-06-25T17:08:50","slug":"reflexiones-2horizontes-51","status":"publish","type":"post","link":"https:\/\/2horizontes.com\/?p=53249","title":{"rendered":"Reflexiones 2Horizontes"},"content":{"rendered":"<p>Por. Alfredo Mella<\/p>\n<p>Si le crees a Dios, comparte con tus amistades el mensaje de hoy S\u00e1bado 25 de Junio 2016, \u00bfNo crees que yo soy en el Padre, y el Padre en mi? Las palabras que y<span class=\"text_exposed_show\">o os hablo, no las hablo por mi propia cuenta, sino que el Padre que Mora en mi, el hace las obras. Creedme que yo soy en el Padre, y el Padre en m\u00ed; de otra manera, cr\u00e9eme por las mismas obras. De cierto, de cierto os digo: El que en mi cree, las obras que yo hago, el las har\u00e1 tambi\u00e9n; Y a\u00fan mayores har\u00e1, Porque yo voy al Padre.<\/span><\/p>\n<p><span class=\"text_exposed_show\">Y todo lo que pidiereis al Padre en mi nombre, lo har\u00e9, para que el Padre sea glorificado en el Hijo. Si algo pidiereis en mi nombre, yo lo har\u00e9. SAN JUAN 14:10-11-12-13-14, Cristo viene pronto y el te ama, b\u00fascale m\u00e1s, Dios te bendiga siempre una tus seres queridos, buenos d\u00edas.<\/span><\/p>\n","protected":false},"excerpt":{"rendered":"<p>Por. Alfredo Mella Si le crees a Dios, comparte con tus amistades el mensaje de hoy S\u00e1bado 25 de Junio 2016, \u00bfNo crees que yo soy en el Padre, y el Padre en mi? Las palabras que yo os hablo, no las hablo por mi propia cuenta, sino que el Padre que Mora en mi, [&hellip;]<\/p>\n","protected":false},"author":7,"featured_media":53014,"comment_status":"open","ping_status":"open","sticky":false,"template":"","format":"standard","meta":{"footnotes":""},"categories":[46,82],"tags":[],"class_list":["post-53249","post","type-post","status-publish","format-standard","has-post-thumbnail","hentry","category-dominicanos-en-madrid","category-opinion"],"_links":{"self":[{"href":"https:\/\/2horizontes.com\/index.php?rest_route=\/wp\/v2\/posts\/53249","targetHints":{"allow":["GET"]}}],"collection":[{"href":"https:\/\/2horizontes.com\/index.php?rest_route=\/wp\/v2\/posts"}],"about":[{"href":"https:\/\/2horizontes.com\/index.php?rest_route=\/wp\/v2\/types\/post"}],"author":[{"embeddable":true,"href":"https:\/\/2horizontes.com\/index.php?rest_route=\/wp\/v2\/users\/7"}],"replies":[{"embeddable":true,"href":"https:\/\/2horizontes.com\/index.php?rest_route=%2Fwp%2Fv2%2Fcomments&post=53249"}],"version-history":[{"count":1,"href":"https:\/\/2horizontes.com\/index.php?rest_route=\/wp\/v2\/posts\/53249\/revisions"}],"predecessor-version":[{"id":53250,"href":"https:\/\/2horizontes.com\/index.php?rest_route=\/wp\/v2\/posts\/53249\/revisions\/53250"}],"wp:featuredmedia":[{"embeddable":true,"href":"https:\/\/2horizontes.com\/index.php?rest_route=\/wp\/v2\/media\/53014"}],"wp:attachment":[{"href":"https:\/\/2horizontes.com\/index.php?rest_route=%2Fwp%2Fv2%2Fmedia&parent=53249"}],"wp:term":[{"taxonomy":"category","embeddable":true,"href":"https:\/\/2horizontes.com\/index.php?rest_route=%2Fwp%2Fv2%2Fcategories&post=53249"},{"taxonomy":"post_tag","embeddable":true,"href":"https:\/\/2horizontes.com\/index.php?rest_route=%2Fwp%2Fv2%2Ftags&post=53249"}],"curies":[{"name":"wp","href":"https:\/\/api.w.org\/{rel}","templated":true}]}}