{"id":53242,"date":"2016-06-24T17:49:21","date_gmt":"2016-06-24T16:49:21","guid":{"rendered":"http:\/\/2horizontes.com\/?p=53242"},"modified":"2016-06-24T17:50:26","modified_gmt":"2016-06-24T16:50:26","slug":"reacciones-al-brexit-la-extrema-derecha-aplaude-lideres-de-la-ue-defienden-el-proyecto-europeo","status":"publish","type":"post","link":"https:\/\/2horizontes.com\/?p=53242","title":{"rendered":"Reacciones al Brexit: la extrema derecha aplaude; l\u00edderes de la UE defienden el proyecto europeo"},"content":{"rendered":"<p><strong>(CNN Espa\u00f1ol) &#8211;<\/strong>\u00a0El resultado del refer\u00e9ndum brit\u00e1nico favorable a abandonar la Uni\u00f3n Europea ha provocado\u00a0una reacci\u00f3n mixta de los l\u00edderes pol\u00edticos en Europa y en el mundo.<\/p>\n<p>L\u00edderes de la extrema derecha europea se han alineado con el Brexit, llamando a votaciones similares en otros pa\u00edses y aplaudiendo a los brit\u00e1nicos.<span id=\"more-297930\"><\/span><\/p>\n<p>El pol\u00edtico holand\u00e9s de extrema derecha, Geert Wilders, felicit\u00f3 a Reino Unido por su decisi\u00f3n, y llam\u00f3 a un refer\u00e9ndum holand\u00e9s sobre la adhesi\u00f3n a la UE.<\/p>\n<p>\u00abQueremos estar a cargo de nuestro propio pa\u00eds, nuestro propio dinero, nuestras propias fronteras, y nuestra propia pol\u00edtica de inmigraci\u00f3n\u00bb, seg\u00fan un comunicado en su p\u00e1gina web.<\/p>\n<p>\u00abSi llego a ser primer ministro, habr\u00e1 un refer\u00e9ndum en los Pa\u00edses Bajos sobre la salida de la Uni\u00f3n Europea. Que los holandeses decidan\u00bb.<\/p>\n<p>En la misma l\u00ednea se pronunci\u00f3 la l\u00edder del Frente Nacional franc\u00e9s, Marine Le Pen,\u00a0quien en Twitter expres\u00f3 que el resultado hac\u00eda necesaria una votaci\u00f3n similar en Francia.<\/p>\n<p>\u00abEstamos viviendo un momento hist\u00f3rico. Felicito a los l\u00edderes de la campa\u00f1a por el Brexit. Era inimaginable hace solo unos meses. S\u00ed es posible dejar la UE. Ni la UE ni el euro son irreversibles. El pueblo brit\u00e1nico nos ha dado una lecci\u00f3n en democracia\u00bb, dijo este viernes desde Par\u00eds Le Pen. \u00abEs importante que los l\u00edderes europeos no obstruyan el proceso legar en los dos pr\u00f3ximos a\u00f1os de negociaciones\u00bb.<\/p>\n<p>M\u00e1s temprano,\u00a0El l\u00edder del\u00a0Partido por la Independencia del Reino Unido (UKIP) y dirigente\u00a0de la campa\u00f1a \u00abLeave\u00bb, Nigel Farage, dijo\u00a0que la UE est\u00e1 \u00abmuriendo\u00bb.<\/p>\n<p><strong>Preparando la Europa de los 27<\/strong><\/p>\n<p>Por otro lado, l\u00edderes de la UE y de pa\u00edses miembro hicieron llamamientos a la calma y mostraron la confianza en el proyecto europeo.<\/p>\n<p>El presidente del Consejo Europeo, Donald Tusk, dijo que la decisi\u00f3n del Reino Unido de abandonar la Uni\u00f3n Europea era \u00abhist\u00f3rica, pero no un momento para reacciones hist\u00e9ricas\u00bb.<\/p>\n<p>\u00abHoy en nombre de los 27 l\u00edderes (europeos), puedo decir que estamos decididos a mantener nuestra unidad como la de los 27. Para todos nosotros, la Uni\u00f3n es el marco para nuestro futuro com\u00fan\u00bb.<\/p>\n<p>El presidente de la Comisi\u00f3n Europea, Jean-Claude Junker, insisti\u00f3 en que \u00abhasta que termine este proceso, el Reino Unido seguir\u00e1 siendo miembro de la Uni\u00f3n Europea con todos los derechos y obligaciones\u00bb.<\/p>\n<p>\u00abEstamos listos para lanzar unas negociaciones r\u00e1pidamente con el Reino Unido en lo que se refiere a los t\u00e9rminos y condiciones de la Uni\u00f3n Europea\u00bb, agreg\u00f3 Junker.<\/p>\n<p>\u00abCon respecto al Reino Unido esperamos que siga siendo socio cercano de la Uni\u00f3n Europea\u00bb.<\/p>\n<p>En una de las reacciones m\u00e1s esperadas, la canciller alemana, Angela Merkel, lament\u00f3 la decisi\u00f3n brit\u00e1nica, pero dijo que la Uni\u00f3n Europea \u00abes lo suficientemente fuerte para encontrar las respuestas adecuadas al reto de hoy\u00bb.<\/p>\n<p>Merkel anunci\u00f3 una reuni\u00f3n el pr\u00f3ximo mi\u00e9rcoles con l\u00edderes europeos para analizar la decisi\u00f3n brit\u00e1nica.<\/p>\n<p>Desde Francia, el presidente franc\u00e9s Francois Hollande pidi\u00f3 tomar en cuenta la decisi\u00f3n brit\u00e1nica para el futuro del modelo europeo.<\/p>\n<p>\u00abLa decisi\u00f3n brit\u00e1nica exige tambi\u00e9n tomar conciencia de forma l\u00facida de la p\u00e9rdida de confianza en Europa\u00bb, dijo Hollande. \u00abSiempre se tarda menos en deshacer que no hacer, en destruir que en construir. Francia no lo aceptar\u00e1\u00bb.<\/p>\n<p>\u00abEuropa tiene que ser una potencia que decida de forma soberana y reivindique su modelo\u00bb, agreg\u00f3 Hollande.<\/p>\n<p>El presidente del gobierno espa\u00f1ol en funciones, Mariano Rajoy, dijo que \u00abcon sus avances y contratiempos, la Uni\u00f3n Europea se mantiene como el proyecto con mayor influencia hist\u00f3ricamente desde la Segunda Guerra Mundial\u00bb y que \u00abcontinuaremos trabajando en la construcci\u00f3n del ma\u00f1ana\u00bb.<\/p>\n<p>Por su parte, el ministro de Finanzas italiano, Pier Carlo Padoan, dijo a CNN que \u00ablas naciones europeas est\u00e1n consternadas\u00bb y que se mantendr\u00e1n \u00abmonitoreando estrechamente el desarrollo de los mercados financieros\u00bb.<\/p>\n<p>Pol\u00edticos del resto del mundo tambi\u00e9n reaccionaron a la noticia. Donald Trump, de visita en Escocia, dijo que el resultado del Brexit era \u00abuna gran cosa\u00bb.<\/p>\n<p>El presidente estadounidense Barack Obama \u00abha sido informado\u00bb sobre los resultados y espera hablar con Cameron m\u00e1s tarde en el d\u00eda.<\/p>\n<p>El primer ministro australiano, Malcolm Turnbull, public\u00f3 un comunicado en su p\u00e1gina oficial de Facebook.<\/p>\n<p>\u00abRespetamos los deseos del pueblo brit\u00e1nico, expresados a trav\u00e9s del refer\u00e9ndum de hoy, para salir de la Uni\u00f3n Europea\u00bb, dijo, al tiempo que reconoce las turbulencias en los mercados.<\/p>\n<p>Las celebridades brit\u00e1nicas tambi\u00e9n inundaron Twitter con sus reacciones sobre el voto de Reino Unido sobre la Uni\u00f3n Europea.<\/p>\n<p>La escritora brit\u00e1nica J.K. Rowling escribi\u00f3 su descontento con el resultado del referendo. \u201cNo creo que nunca haya deseado m\u00e1s tener magia\u201d.<\/p>\n<p>creo que nunca haya deseado m\u00e1s tener magia\u201d.<\/p>\n<div class=\"embed-twitter\"><\/div>\n<p>Entre tanto la actriz Elizabeth Hurley se mostr\u00f3 entusiasmada por la noticia: \u201cDe repente los p\u00e1jaros cantan\u201d.<\/p>\n<div class=\"embed-twitter\"><\/div>\n<p>El comediante y presentador James Corden dijo sentirse mal por los j\u00f3venes de Gran Breta\u00f1a que seg\u00fan \u00e9l \u201cfueron defraudados hoy\u201d.<\/p>\n<div class=\"embed-twitter\"><\/div>\n<p>El periodista y presentador de televisi\u00f3n brit\u00e1nico Piers Morgan dijo este viernes que hoy es una d\u00eda \u201ctrascendental e hist\u00f3rico\u201d.<\/p>\n<div class=\"embed-twitter\"><\/div>\n<p>El m\u00fasico y dise\u00f1ador de modas Boy George les dijo a sus fan\u00e1ticos que se animaran porque \u201cno se debe llorar sobre la leche derramada\u201d.<\/p>\n<p>La cantante Lily Allen les dijo a sus 5 millones de seguidores que los \u2018millennials\u2019 est\u00e1n totalmente \u201cj***dos\u201d.<\/p>\n","protected":false},"excerpt":{"rendered":"<p>(CNN Espa\u00f1ol) &#8211;\u00a0El resultado del refer\u00e9ndum brit\u00e1nico favorable a abandonar la Uni\u00f3n Europea ha provocado\u00a0una reacci\u00f3n mixta de los l\u00edderes pol\u00edticos en Europa y en el mundo. L\u00edderes de la extrema derecha europea se han alineado con el Brexit, llamando a votaciones similares en otros pa\u00edses y aplaudiendo a los brit\u00e1nicos. El pol\u00edtico holand\u00e9s de [&hellip;]<\/p>\n","protected":false},"author":7,"featured_media":53243,"comment_status":"open","ping_status":"open","sticky":false,"template":"","format":"standard","meta":{"footnotes":""},"categories":[86,40,43],"tags":[],"class_list":["post-53242","post","type-post","status-publish","format-standard","has-post-thumbnail","hentry","category-europa","category-internacionales","category-politica"],"_links":{"self":[{"href":"https:\/\/2horizontes.com\/index.php?rest_route=\/wp\/v2\/posts\/53242","targetHints":{"allow":["GET"]}}],"collection":[{"href":"https:\/\/2horizontes.com\/index.php?rest_route=\/wp\/v2\/posts"}],"about":[{"href":"https:\/\/2horizontes.com\/index.php?rest_route=\/wp\/v2\/types\/post"}],"author":[{"embeddable":true,"href":"https:\/\/2horizontes.com\/index.php?rest_route=\/wp\/v2\/users\/7"}],"replies":[{"embeddable":true,"href":"https:\/\/2horizontes.com\/index.php?rest_route=%2Fwp%2Fv2%2Fcomments&post=53242"}],"version-history":[{"count":2,"href":"https:\/\/2horizontes.com\/index.php?rest_route=\/wp\/v2\/posts\/53242\/revisions"}],"predecessor-version":[{"id":53245,"href":"https:\/\/2horizontes.com\/index.php?rest_route=\/wp\/v2\/posts\/53242\/revisions\/53245"}],"wp:featuredmedia":[{"embeddable":true,"href":"https:\/\/2horizontes.com\/index.php?rest_route=\/wp\/v2\/media\/53243"}],"wp:attachment":[{"href":"https:\/\/2horizontes.com\/index.php?rest_route=%2Fwp%2Fv2%2Fmedia&parent=53242"}],"wp:term":[{"taxonomy":"category","embeddable":true,"href":"https:\/\/2horizontes.com\/index.php?rest_route=%2Fwp%2Fv2%2Fcategories&post=53242"},{"taxonomy":"post_tag","embeddable":true,"href":"https:\/\/2horizontes.com\/index.php?rest_route=%2Fwp%2Fv2%2Ftags&post=53242"}],"curies":[{"name":"wp","href":"https:\/\/api.w.org\/{rel}","templated":true}]}}