{"id":53219,"date":"2016-06-24T11:34:15","date_gmt":"2016-06-24T10:34:15","guid":{"rendered":"http:\/\/2horizontes.com\/?p=53219"},"modified":"2016-06-24T11:34:15","modified_gmt":"2016-06-24T10:34:15","slug":"53219-2","status":"publish","type":"post","link":"https:\/\/2horizontes.com\/?p=53219","title":{"rendered":""},"content":{"rendered":"<p>Las redes sociales ardieron. Fueron muchas las voces que se alzaron cuando AEGAL anunci\u00f3 que el preg\u00f3n del Orgullo de Madrid de este a\u00f1o correr\u00eda a cargo de los jueces del programa de TVE Masterchef: Samantha Vallejo-N\u00e1gera, Jordi Cruz, Pepe Rodr\u00edguez y la presentadora Eva Gonz\u00e1lez.<\/p>\n<p>R\u00e1pidamente se cre\u00f3 una petici\u00f3n en Change.org que en un d\u00eda recogi\u00f3 m\u00e1s de 10.000 firmas. En las redes se hablaba de comentarios de tinte hom\u00f3fobo emitidos en el programa Masterchef (no confirmados por Universo Gay), as\u00ed como micromachismos, y de que el preg\u00f3n deber\u00eda correr a cargo de alg\u00fan representante destacado del colectivo LGTB o alguien que hubiera destacado recientemente en la defensa de los derechos LGTB, perteneciera o no al colectivo.<\/p>\n<p>En defensa de la decisi\u00f3n, otros usuarios de las redes apelaron a que precisamente que el preg\u00f3n corriera a cargo de personas heterosexuales con repercusi\u00f3n medi\u00e1tica (Masterchef es l\u00edder de audiencia en prime time) ayudar\u00eda a la visibilidad positiva del evento y las reivindicaciones.<\/p>\n<p>Tambi\u00e9n se ha apuntado en defensa del programa que colectivos ultracat\u00f3licos llegaron a denunciar el programa Masterchef por \u00abapolog\u00eda del homosexualismo\u00bb en la televisi\u00f3n p\u00fablica, ya que en la versi\u00f3n Junior ha dado visibilidad a matrimonios entre homosexuales en dos ocasiones: un programa con la familia de Kike Sarasola (propietario de los hoteles Room Mate) y su marido Carlos Marrero, y otro programa con el matrimonio formado por el Embajador de Estados Unidos James Costos y su marido Michael S. Smith.<\/p>\n<p>El caso es que el debate ha sido interrumpido s\u00fabitamente cuando AEGAL, la asociaci\u00f3n empresarial del colectivo LGTB y organizadora de MADO (Madrid Orgullo), emiti\u00f3 un breve comunicado que reproducimos a continuaci\u00f3n:<\/p>\n<p>Tras las opiniones p\u00fablicas vertidas a trav\u00e9s de los medios de comunicaci\u00f3n y las redes sociales en contra de la elecci\u00f3n de los pregoneros de MADO 2016, AEGAL lamenta profundamente haber herido tantas sensibilidades con esta elecci\u00f3n.<\/p>\n<p>Es por ello, que hemos consensuado y decidido no realizar el acto del preg\u00f3n tal y como estaba previsto con los pregoneros a los que se lo propusimos. Continuaremos con el resto de \u00abActos de Homenaje\u00bb que estaban programados.<\/p>\n<p>Ampliaremos esta informaci\u00f3n pr\u00f3ximamente.<\/p>\n<p>El preg\u00f3n ya tra\u00eda pol\u00e9mica por el cambio de emplazamiento<\/p>\n<p>Ese d\u00eda, durante el preg\u00f3n, estaba previsto un doble homenaje: a las v\u00edctimas del atentado en Orlando, y a Pedro Zerolo, cuyo nombre lleva la plaza en la que precisamente se har\u00eda la lectura del preg\u00f3n.<\/p>\n<p>El preg\u00f3n ya tra\u00eda pol\u00e9mica, porque se hab\u00eda cambiado su emplazamiento habitual, la plaza de Chueca, por la plaza Pedro Zerolo. Aunque oficialmente se anunci\u00f3 que el cambio se deb\u00eda a una sentencia por una denuncia por parte de la tambi\u00e9n pol\u00e9mica Asociaci\u00f3n de Vecinos de Chueca, asistentes a la reuni\u00f3n con el Ayuntamiento se\u00f1alaron a Universo Gay que tambi\u00e9n pes\u00f3 mucho la preocupaci\u00f3n por parte de la Polic\u00eda Municipal a raiz de la reciente oleada de atentados hom\u00f3fobos a nivel internacional, sumado a la sombra de la tragedia de Madrid Arena (que tambi\u00e9n condicion\u00f3 el cambio de recorrido de la manifestaci\u00f3n) ya que en caso de emergencia la plaza de Chueca, con el escenario ocupando la parte ancha de la plaza y la zona de prensa vallada en el centro de la misma que suelen colocarse durante el Orgullo, es muy complicada de desalojar, de manera que una estampida podr\u00eda ser tr\u00e1gica.<\/p>\n<p>De hecho, el a\u00f1o pasado el c\u00e1mara de Magayzine, ubicado en la zona de prensa en la parte central de la plaza, tard\u00f3 m\u00e1s de 20 minutos en poder salir de la misma y presenci\u00f3 varias situaciones de peligro, incluyendo multitud de empujones y un par de caidas. Adem\u00e1s de esto, aunque este a\u00f1o se prev\u00e9 la misma asistencia que el anterior, este Orgullo servir\u00e1 como prueba de lo que ser\u00e1 el Worldpride en Madrid el a\u00f1o que viene, para el que se prev\u00e9 m\u00e1s del doble de asistentes.<\/p>\n<p>Parece ser que fue precisamente esa alarma la que desalentar\u00eda a organizadores y Ayuntamiento de seguir intentando que el preg\u00f3n fuera en la plaza de Chueca, aunque por alguna raz\u00f3n en el comunicado oficial se prefiri\u00f3 dejar el peso de la decisi\u00f3n a la sentencia por la denuncia de la Asociaci\u00f3n de Vecinos de Chueca.<\/p>\n","protected":false},"excerpt":{"rendered":"<p>Las redes sociales ardieron. Fueron muchas las voces que se alzaron cuando AEGAL anunci\u00f3 que el preg\u00f3n del Orgullo de Madrid de este a\u00f1o correr\u00eda a cargo de los jueces del programa de TVE Masterchef: Samantha Vallejo-N\u00e1gera, Jordi Cruz, Pepe Rodr\u00edguez y la presentadora Eva Gonz\u00e1lez. R\u00e1pidamente se cre\u00f3 una petici\u00f3n en Change.org que en [&hellip;]<\/p>\n","protected":false},"author":3,"featured_media":53220,"comment_status":"open","ping_status":"open","sticky":false,"template":"","format":"standard","meta":{"footnotes":""},"categories":[57],"tags":[],"class_list":["post-53219","post","type-post","status-publish","format-standard","has-post-thumbnail","hentry","category-mundo-gay"],"_links":{"self":[{"href":"https:\/\/2horizontes.com\/index.php?rest_route=\/wp\/v2\/posts\/53219","targetHints":{"allow":["GET"]}}],"collection":[{"href":"https:\/\/2horizontes.com\/index.php?rest_route=\/wp\/v2\/posts"}],"about":[{"href":"https:\/\/2horizontes.com\/index.php?rest_route=\/wp\/v2\/types\/post"}],"author":[{"embeddable":true,"href":"https:\/\/2horizontes.com\/index.php?rest_route=\/wp\/v2\/users\/3"}],"replies":[{"embeddable":true,"href":"https:\/\/2horizontes.com\/index.php?rest_route=%2Fwp%2Fv2%2Fcomments&post=53219"}],"version-history":[{"count":1,"href":"https:\/\/2horizontes.com\/index.php?rest_route=\/wp\/v2\/posts\/53219\/revisions"}],"predecessor-version":[{"id":53221,"href":"https:\/\/2horizontes.com\/index.php?rest_route=\/wp\/v2\/posts\/53219\/revisions\/53221"}],"wp:featuredmedia":[{"embeddable":true,"href":"https:\/\/2horizontes.com\/index.php?rest_route=\/wp\/v2\/media\/53220"}],"wp:attachment":[{"href":"https:\/\/2horizontes.com\/index.php?rest_route=%2Fwp%2Fv2%2Fmedia&parent=53219"}],"wp:term":[{"taxonomy":"category","embeddable":true,"href":"https:\/\/2horizontes.com\/index.php?rest_route=%2Fwp%2Fv2%2Fcategories&post=53219"},{"taxonomy":"post_tag","embeddable":true,"href":"https:\/\/2horizontes.com\/index.php?rest_route=%2Fwp%2Fv2%2Ftags&post=53219"}],"curies":[{"name":"wp","href":"https:\/\/api.w.org\/{rel}","templated":true}]}}